{"id":11940,"date":"2022-02-07T10:54:10","date_gmt":"2022-02-07T09:54:10","guid":{"rendered":"https:\/\/www.bcnsportsfilm.org\/?p=11940"},"modified":"2024-01-30T10:27:51","modified_gmt":"2024-01-30T08:27:51","slug":"carla-suarez-ambaixadora-del-bcn-sports-film-festival-visita-el-centre-penitenciari-de-joves","status":"publish","type":"post","link":"https:\/\/bcnsportsfilm.org\/ca\/carla-suarez-ambaixadora-del-bcn-sports-film-festival-visita-el-centre-penitenciari-de-joves\/","title":{"rendered":"Carla Su\u00e1rez, ambaixadora del BCN Sports Film Festival, visita el Centre Penitenciari de Joves"},"content":{"rendered":"<p><span style=\"color: #000000;\"><img fetchpriority=\"high\" decoding=\"async\" class=\" wp-image-15210 alignright\" src=\"https:\/\/fce.putput.cat\/wp-content\/uploads\/2022\/02\/Carla-Suarez-BCNSportsFilm_33-300x239-min.jpg\" alt=\"\" width=\"364\" height=\"290\" \/><strong>Carla<\/strong><\/span><strong><span style=\"color: #000000;\">Su\u00e1rez \u00e9s tot un referent, aix\u00ed queda reflectit en el seu documental \u201cCarla Su\u00e1rez, imbatida\u201d, on ens explica la seva hist\u00f2ria despr\u00e9s de ser diagnosticada d&#8217;un \u201c<\/span>limfoma de Hodgkin<span style=\"color: #000000;\">\u201d un c\u00e0ncer que va parar moment\u00e0niament, per\u00f2 no definitivament, la seva carrera esportiva.<\/span><\/strong><\/p>\n<p><span style=\"color: #000000;\">Aquest documental ple de positivitat, for\u00e7a i capacitat de lluita ha estat un dels triats per l&#8217;equip d&#8217;educadors del Centre Penitenciari per a joves per a donar un missatge de sacrifici, treball i const\u00e0ncia als interns. Un gran exemple que ha comptat amb el refor\u00e7 de Carla que s&#8217;ha acostat al Centre amb un missatge molt clar <strong>\u201cLa vida et posa obstacles i no cal preguntar-se el per qu\u00e8 a mi, sin\u00f3 com els supero i tiro endavant\u201d.<\/strong><\/span><\/p>\n<p><span style=\"color: #000000;\">Carla Su\u00e1rez va estar acompanyada en la visita per <strong>Francesc Terr\u00f3n<\/strong>, director de la Fundaci\u00f3 Barcelona Ol\u00edmpica, entitat gestora del BCN Sports Film; del Secretari de Mesures Penals, Reinserci\u00f3 i Atenci\u00f3 a la V\u00edctima, <strong>Sergi Bl\u00e0zquez<\/strong>; i del director del Centre Penitenciari, <strong>Llu\u00eds Plaza<\/strong>; a m\u00e9s de l&#8217;equip de professionals del centre penitenciari i els interns que han volgut participar. Despr\u00e9s de la projecci\u00f3, els interns van poder compartir uns moments de tennis en les instal\u00b7lacions esportives del Centre.<\/span><\/p>\n<p><span style=\"color: #000000;\">\u201cImbatida\u201d forma part de la programaci\u00f3 del <strong>BCN Sports Film 2022<\/strong>, aquest documental es projectar\u00e0 dins de la sessi\u00f3 \u201c<strong>El partit de la meva vida<\/strong>\u201d el <strong>divendres 18 de febrer a les 19h en el Museu Ol\u00edmpic<\/strong>.<\/span><\/p>\n<p><a href=\"https:\/\/youtu.be\/X7ZOUCC_K-M\">VIDEO CARLA SU\u00c1REZ &#8211; CENTRES PENITENCIARI DE JOVES<\/a><\/p>\n<p><span style=\"color: #000000;\"><strong>Fes la teva reserva per a la sessi\u00f3! <\/strong><\/span><\/p>\n<p><span style=\"color: #000000;\"><strong>De manera presencial en la web\u00a0<\/strong><a href=\"https:\/\/www.bcnsportsfilm.org\/ca\/evento\/el-partit-de-la-meva-vida\/\">https:\/\/www.bcnsportsfilm.org\/ca\/evento\/el-partit-de-la-meva-vida\/<\/a>\u00a0<strong>o de manera virtual a trav\u00e9s de la plataforma festhome: <\/strong><a href=\"https:\/\/tv.festhome.com\/festivaltv\/bcn-sports-film-festival\/0\/4652\">https:\/\/tv.festhome.com\/festivaltv\/bcn-sports-film-festival\/0\/4652<\/a><\/span><\/p>\n<p><span style=\"color: #000000;\"><img decoding=\"async\" class=\"alignnone  wp-image-15213\" src=\"https:\/\/fce.putput.cat\/wp-content\/uploads\/2022\/02\/Carla-Suarez-BCNSportsFilm_25-300x207-min.jpg\" alt=\"\" width=\"336\" height=\"232\" \/>\u00a0 \u00a0<img decoding=\"async\" class=\"alignnone  wp-image-15216\" src=\"https:\/\/fce.putput.cat\/wp-content\/uploads\/2022\/02\/Carla-Suarez-BCNSportsFilm_29-300x166-min.jpg\" alt=\"\" width=\"405\" height=\"224\" \/><\/span><\/p>\n<p><span style=\"color: #000000;\"><strong>\u00a0<\/strong><\/span><\/p>\n","protected":false},"excerpt":{"rendered":"<p>CarlaSu\u00e1rez \u00e9s tot un referent, aix\u00ed queda reflectit en el seu documental \u201cCarla Su\u00e1rez, imbatida\u201d, on ens explica la seva hist\u00f2ria despr\u00e9s de ser diagnosticada d&#8217;un \u201climfoma de Hodgkin\u201d un c\u00e0ncer que va parar moment\u00e0niament, per\u00f2 no definitivament, la seva carrera esportiva. Aquest documental ple de positivitat, for\u00e7a i capacitat de lluita ha estat un [&hellip;]<\/p>\n","protected":false},"author":3,"featured_media":15207,"comment_status":"closed","ping_status":"closed","sticky":false,"template":"","format":"standard","meta":{"_acf_changed":false,"footnotes":""},"categories":[51],"tags":[],"class_list":["post-11940","post","type-post","status-publish","format-standard","has-post-thumbnail","hentry","category-festival-ca"],"acf":[],"yoast_head":"<!-- This site is optimized with the Yoast SEO plugin v24.1 - https:\/\/yoast.com\/wordpress\/plugins\/seo\/ -->\n<title>Carla Su\u00e1rez, ambaixadora del BCN Sports Film Festival, visita el Centre Penitenciari de Joves - BCN SPORTS FILM 2027<\/title>\n<meta name=\"robots\" content=\"index, follow, max-snippet:-1, max-image-preview:large, max-video-preview:-1\" \/>\n<link rel=\"canonical\" href=\"https:\/\/bcnsportsfilm.org\/ca\/carla-suarez-ambaixadora-del-bcn-sports-film-festival-visita-el-centre-penitenciari-de-joves\/\" \/>\n<meta property=\"og:locale\" content=\"ca_ES\" \/>\n<meta property=\"og:type\" content=\"article\" \/>\n<meta property=\"og:title\" content=\"Carla Su\u00e1rez, ambaixadora del BCN Sports Film Festival, visita el Centre Penitenciari de Joves - BCN SPORTS FILM 2027\" \/>\n<meta property=\"og:description\" content=\"CarlaSu\u00e1rez \u00e9s tot un referent, aix\u00ed queda reflectit en el seu documental \u201cCarla Su\u00e1rez, imbatida\u201d, on ens explica la seva hist\u00f2ria despr\u00e9s de ser diagnosticada d&#8217;un \u201climfoma de Hodgkin\u201d un c\u00e0ncer que va parar moment\u00e0niament, per\u00f2 no definitivament, la seva carrera esportiva. Aquest documental ple de positivitat, for\u00e7a i capacitat de lluita ha estat un [&hellip;]\" \/>\n<meta property=\"og:url\" content=\"https:\/\/bcnsportsfilm.org\/ca\/carla-suarez-ambaixadora-del-bcn-sports-film-festival-visita-el-centre-penitenciari-de-joves\/\" \/>\n<meta property=\"og:site_name\" content=\"BCN SPORTS FILM 2027\" \/>\n<meta property=\"article:publisher\" content=\"https:\/\/www.facebook.com\/bcnsportsfilm\" \/>\n<meta property=\"article:published_time\" content=\"2022-02-07T09:54:10+00:00\" \/>\n<meta property=\"article:modified_time\" content=\"2024-01-30T08:27:51+00:00\" \/>\n<meta property=\"og:image\" content=\"https:\/\/bcnsportsfilm.org\/wp-content\/uploads\/2022\/02\/Carla-Suarez-BCNSportsFilm_31-copia-min.jpg\" \/>\n\t<meta property=\"og:image:width\" content=\"1200\" \/>\n\t<meta property=\"og:image:height\" content=\"631\" \/>\n\t<meta property=\"og:image:type\" content=\"image\/jpeg\" \/>\n<meta name=\"author\" content=\"BCN Sports Film\" \/>\n<meta name=\"twitter:card\" content=\"summary_large_image\" \/>\n<meta name=\"twitter:creator\" content=\"@bcnsportsfilm\" \/>\n<meta name=\"twitter:site\" content=\"@bcnsportsfilm\" \/>\n<meta name=\"twitter:label1\" content=\"Escrit per\" \/>\n\t<meta name=\"twitter:data1\" content=\"BCN Sports Film\" \/>\n\t<meta name=\"twitter:label2\" content=\"Temps estimat de lectura\" \/>\n\t<meta name=\"twitter:data2\" content=\"1 minut\" \/>\n<script type=\"application\/ld+json\" class=\"yoast-schema-graph\">{\"@context\":\"https:\/\/schema.org\",\"@graph\":[{\"@type\":\"Article\",\"@id\":\"https:\/\/bcnsportsfilm.org\/ca\/carla-suarez-ambaixadora-del-bcn-sports-film-festival-visita-el-centre-penitenciari-de-joves\/#article\",\"isPartOf\":{\"@id\":\"https:\/\/bcnsportsfilm.org\/ca\/carla-suarez-ambaixadora-del-bcn-sports-film-festival-visita-el-centre-penitenciari-de-joves\/\"},\"author\":{\"name\":\"BCN Sports Film\",\"@id\":\"https:\/\/bcnsportsfilm.org\/#\/schema\/person\/98b722d01ee9f7a0de5b09d914f5bb14\"},\"headline\":\"Carla Su\u00e1rez, ambaixadora del BCN Sports Film Festival, visita el Centre Penitenciari de Joves\",\"datePublished\":\"2022-02-07T09:54:10+00:00\",\"dateModified\":\"2024-01-30T08:27:51+00:00\",\"mainEntityOfPage\":{\"@id\":\"https:\/\/bcnsportsfilm.org\/ca\/carla-suarez-ambaixadora-del-bcn-sports-film-festival-visita-el-centre-penitenciari-de-joves\/\"},\"wordCount\":315,\"publisher\":{\"@id\":\"https:\/\/bcnsportsfilm.org\/#organization\"},\"image\":{\"@id\":\"https:\/\/bcnsportsfilm.org\/ca\/carla-suarez-ambaixadora-del-bcn-sports-film-festival-visita-el-centre-penitenciari-de-joves\/#primaryimage\"},\"thumbnailUrl\":\"https:\/\/bcnsportsfilm.org\/wp-content\/uploads\/2022\/02\/Carla-Suarez-BCNSportsFilm_31-copia-min.jpg\",\"articleSection\":[\"Festival\"],\"inLanguage\":\"ca\"},{\"@type\":\"WebPage\",\"@id\":\"https:\/\/bcnsportsfilm.org\/ca\/carla-suarez-ambaixadora-del-bcn-sports-film-festival-visita-el-centre-penitenciari-de-joves\/\",\"url\":\"https:\/\/bcnsportsfilm.org\/ca\/carla-suarez-ambaixadora-del-bcn-sports-film-festival-visita-el-centre-penitenciari-de-joves\/\",\"name\":\"Carla Su\u00e1rez, ambaixadora del BCN Sports Film Festival, visita el Centre Penitenciari de Joves - BCN SPORTS FILM 2027\",\"isPartOf\":{\"@id\":\"https:\/\/bcnsportsfilm.org\/#website\"},\"primaryImageOfPage\":{\"@id\":\"https:\/\/bcnsportsfilm.org\/ca\/carla-suarez-ambaixadora-del-bcn-sports-film-festival-visita-el-centre-penitenciari-de-joves\/#primaryimage\"},\"image\":{\"@id\":\"https:\/\/bcnsportsfilm.org\/ca\/carla-suarez-ambaixadora-del-bcn-sports-film-festival-visita-el-centre-penitenciari-de-joves\/#primaryimage\"},\"thumbnailUrl\":\"https:\/\/bcnsportsfilm.org\/wp-content\/uploads\/2022\/02\/Carla-Suarez-BCNSportsFilm_31-copia-min.jpg\",\"datePublished\":\"2022-02-07T09:54:10+00:00\",\"dateModified\":\"2024-01-30T08:27:51+00:00\",\"breadcrumb\":{\"@id\":\"https:\/\/bcnsportsfilm.org\/ca\/carla-suarez-ambaixadora-del-bcn-sports-film-festival-visita-el-centre-penitenciari-de-joves\/#breadcrumb\"},\"inLanguage\":\"ca\",\"potentialAction\":[{\"@type\":\"ReadAction\",\"target\":[\"https:\/\/bcnsportsfilm.org\/ca\/carla-suarez-ambaixadora-del-bcn-sports-film-festival-visita-el-centre-penitenciari-de-joves\/\"]}]},{\"@type\":\"ImageObject\",\"inLanguage\":\"ca\",\"@id\":\"https:\/\/bcnsportsfilm.org\/ca\/carla-suarez-ambaixadora-del-bcn-sports-film-festival-visita-el-centre-penitenciari-de-joves\/#primaryimage\",\"url\":\"https:\/\/bcnsportsfilm.org\/wp-content\/uploads\/2022\/02\/Carla-Suarez-BCNSportsFilm_31-copia-min.jpg\",\"contentUrl\":\"https:\/\/bcnsportsfilm.org\/wp-content\/uploads\/2022\/02\/Carla-Suarez-BCNSportsFilm_31-copia-min.jpg\",\"width\":1200,\"height\":631},{\"@type\":\"BreadcrumbList\",\"@id\":\"https:\/\/bcnsportsfilm.org\/ca\/carla-suarez-ambaixadora-del-bcn-sports-film-festival-visita-el-centre-penitenciari-de-joves\/#breadcrumb\",\"itemListElement\":[{\"@type\":\"ListItem\",\"position\":1,\"name\":\"Portada\",\"item\":\"https:\/\/bcnsportsfilm.org\/ca\/\"},{\"@type\":\"ListItem\",\"position\":2,\"name\":\"Carla Su\u00e1rez, ambaixadora del BCN Sports Film Festival, visita el Centre Penitenciari de Joves\"}]},{\"@type\":\"WebSite\",\"@id\":\"https:\/\/bcnsportsfilm.org\/#website\",\"url\":\"https:\/\/bcnsportsfilm.org\/\",\"name\":\"Site title\",\"description\":\"Barcelona International Sports Film Festival\",\"publisher\":{\"@id\":\"https:\/\/bcnsportsfilm.org\/#organization\"},\"potentialAction\":[{\"@type\":\"SearchAction\",\"target\":{\"@type\":\"EntryPoint\",\"urlTemplate\":\"https:\/\/bcnsportsfilm.org\/?s={search_term_string}\"},\"query-input\":{\"@type\":\"PropertyValueSpecification\",\"valueRequired\":true,\"valueName\":\"search_term_string\"}}],\"inLanguage\":\"ca\"},{\"@type\":\"Organization\",\"@id\":\"https:\/\/bcnsportsfilm.org\/#organization\",\"name\":\"Site title\",\"url\":\"https:\/\/bcnsportsfilm.org\/\",\"logo\":{\"@type\":\"ImageObject\",\"inLanguage\":\"ca\",\"@id\":\"https:\/\/bcnsportsfilm.org\/#\/schema\/logo\/image\/\",\"url\":\"https:\/\/bcnsportsfilm.org\/wp-content\/uploads\/2022\/12\/BCNSportsFilmFestival_logo.png\",\"contentUrl\":\"https:\/\/bcnsportsfilm.org\/wp-content\/uploads\/2022\/12\/BCNSportsFilmFestival_logo.png\",\"width\":131,\"height\":43,\"caption\":\"Site title\"},\"image\":{\"@id\":\"https:\/\/bcnsportsfilm.org\/#\/schema\/logo\/image\/\"},\"sameAs\":[\"https:\/\/www.facebook.com\/bcnsportsfilm\",\"https:\/\/x.com\/bcnsportsfilm\",\"https:\/\/www.instagram.com\/fundacio_barcelona_olimpica\/\",\"https:\/\/www.youtube.com\/@fundaciobarcelonaolimpica\",\"https:\/\/www.linkedin.com\/showcase\/bcn-sports-film-festival\/\"]},{\"@type\":\"Person\",\"@id\":\"https:\/\/bcnsportsfilm.org\/#\/schema\/person\/98b722d01ee9f7a0de5b09d914f5bb14\",\"name\":\"BCN Sports Film\",\"image\":{\"@type\":\"ImageObject\",\"inLanguage\":\"ca\",\"@id\":\"https:\/\/bcnsportsfilm.org\/#\/schema\/person\/image\/\",\"url\":\"https:\/\/secure.gravatar.com\/avatar\/38b1a703660de65da7ebd8186fa63a06?s=96&d=mm&r=g\",\"contentUrl\":\"https:\/\/secure.gravatar.com\/avatar\/38b1a703660de65da7ebd8186fa63a06?s=96&d=mm&r=g\",\"caption\":\"BCN Sports Film\"},\"url\":\"https:\/\/bcnsportsfilm.org\/ca\/author\/bcnsportsfilm\/\"}]}<\/script>\n<!-- \/ Yoast SEO plugin. -->","yoast_head_json":{"title":"Carla Su\u00e1rez, ambaixadora del BCN Sports Film Festival, visita el Centre Penitenciari de Joves - BCN SPORTS FILM 2027","robots":{"index":"index","follow":"follow","max-snippet":"max-snippet:-1","max-image-preview":"max-image-preview:large","max-video-preview":"max-video-preview:-1"},"canonical":"https:\/\/bcnsportsfilm.org\/ca\/carla-suarez-ambaixadora-del-bcn-sports-film-festival-visita-el-centre-penitenciari-de-joves\/","og_locale":"ca_ES","og_type":"article","og_title":"Carla Su\u00e1rez, ambaixadora del BCN Sports Film Festival, visita el Centre Penitenciari de Joves - BCN SPORTS FILM 2027","og_description":"CarlaSu\u00e1rez \u00e9s tot un referent, aix\u00ed queda reflectit en el seu documental \u201cCarla Su\u00e1rez, imbatida\u201d, on ens explica la seva hist\u00f2ria despr\u00e9s de ser diagnosticada d&#8217;un \u201climfoma de Hodgkin\u201d un c\u00e0ncer que va parar moment\u00e0niament, per\u00f2 no definitivament, la seva carrera esportiva. Aquest documental ple de positivitat, for\u00e7a i capacitat de lluita ha estat un [&hellip;]","og_url":"https:\/\/bcnsportsfilm.org\/ca\/carla-suarez-ambaixadora-del-bcn-sports-film-festival-visita-el-centre-penitenciari-de-joves\/","og_site_name":"BCN SPORTS FILM 2027","article_publisher":"https:\/\/www.facebook.com\/bcnsportsfilm","article_published_time":"2022-02-07T09:54:10+00:00","article_modified_time":"2024-01-30T08:27:51+00:00","og_image":[{"width":1200,"height":631,"url":"https:\/\/bcnsportsfilm.org\/wp-content\/uploads\/2022\/02\/Carla-Suarez-BCNSportsFilm_31-copia-min.jpg","type":"image\/jpeg"}],"author":"BCN Sports Film","twitter_card":"summary_large_image","twitter_creator":"@bcnsportsfilm","twitter_site":"@bcnsportsfilm","twitter_misc":{"Escrit per":"BCN Sports Film","Temps estimat de lectura":"1 minut"},"schema":{"@context":"https:\/\/schema.org","@graph":[{"@type":"Article","@id":"https:\/\/bcnsportsfilm.org\/ca\/carla-suarez-ambaixadora-del-bcn-sports-film-festival-visita-el-centre-penitenciari-de-joves\/#article","isPartOf":{"@id":"https:\/\/bcnsportsfilm.org\/ca\/carla-suarez-ambaixadora-del-bcn-sports-film-festival-visita-el-centre-penitenciari-de-joves\/"},"author":{"name":"BCN Sports Film","@id":"https:\/\/bcnsportsfilm.org\/#\/schema\/person\/98b722d01ee9f7a0de5b09d914f5bb14"},"headline":"Carla Su\u00e1rez, ambaixadora del BCN Sports Film Festival, visita el Centre Penitenciari de Joves","datePublished":"2022-02-07T09:54:10+00:00","dateModified":"2024-01-30T08:27:51+00:00","mainEntityOfPage":{"@id":"https:\/\/bcnsportsfilm.org\/ca\/carla-suarez-ambaixadora-del-bcn-sports-film-festival-visita-el-centre-penitenciari-de-joves\/"},"wordCount":315,"publisher":{"@id":"https:\/\/bcnsportsfilm.org\/#organization"},"image":{"@id":"https:\/\/bcnsportsfilm.org\/ca\/carla-suarez-ambaixadora-del-bcn-sports-film-festival-visita-el-centre-penitenciari-de-joves\/#primaryimage"},"thumbnailUrl":"https:\/\/bcnsportsfilm.org\/wp-content\/uploads\/2022\/02\/Carla-Suarez-BCNSportsFilm_31-copia-min.jpg","articleSection":["Festival"],"inLanguage":"ca"},{"@type":"WebPage","@id":"https:\/\/bcnsportsfilm.org\/ca\/carla-suarez-ambaixadora-del-bcn-sports-film-festival-visita-el-centre-penitenciari-de-joves\/","url":"https:\/\/bcnsportsfilm.org\/ca\/carla-suarez-ambaixadora-del-bcn-sports-film-festival-visita-el-centre-penitenciari-de-joves\/","name":"Carla Su\u00e1rez, ambaixadora del BCN Sports Film Festival, visita el Centre Penitenciari de Joves - BCN SPORTS FILM 2027","isPartOf":{"@id":"https:\/\/bcnsportsfilm.org\/#website"},"primaryImageOfPage":{"@id":"https:\/\/bcnsportsfilm.org\/ca\/carla-suarez-ambaixadora-del-bcn-sports-film-festival-visita-el-centre-penitenciari-de-joves\/#primaryimage"},"image":{"@id":"https:\/\/bcnsportsfilm.org\/ca\/carla-suarez-ambaixadora-del-bcn-sports-film-festival-visita-el-centre-penitenciari-de-joves\/#primaryimage"},"thumbnailUrl":"https:\/\/bcnsportsfilm.org\/wp-content\/uploads\/2022\/02\/Carla-Suarez-BCNSportsFilm_31-copia-min.jpg","datePublished":"2022-02-07T09:54:10+00:00","dateModified":"2024-01-30T08:27:51+00:00","breadcrumb":{"@id":"https:\/\/bcnsportsfilm.org\/ca\/carla-suarez-ambaixadora-del-bcn-sports-film-festival-visita-el-centre-penitenciari-de-joves\/#breadcrumb"},"inLanguage":"ca","potentialAction":[{"@type":"ReadAction","target":["https:\/\/bcnsportsfilm.org\/ca\/carla-suarez-ambaixadora-del-bcn-sports-film-festival-visita-el-centre-penitenciari-de-joves\/"]}]},{"@type":"ImageObject","inLanguage":"ca","@id":"https:\/\/bcnsportsfilm.org\/ca\/carla-suarez-ambaixadora-del-bcn-sports-film-festival-visita-el-centre-penitenciari-de-joves\/#primaryimage","url":"https:\/\/bcnsportsfilm.org\/wp-content\/uploads\/2022\/02\/Carla-Suarez-BCNSportsFilm_31-copia-min.jpg","contentUrl":"https:\/\/bcnsportsfilm.org\/wp-content\/uploads\/2022\/02\/Carla-Suarez-BCNSportsFilm_31-copia-min.jpg","width":1200,"height":631},{"@type":"BreadcrumbList","@id":"https:\/\/bcnsportsfilm.org\/ca\/carla-suarez-ambaixadora-del-bcn-sports-film-festival-visita-el-centre-penitenciari-de-joves\/#breadcrumb","itemListElement":[{"@type":"ListItem","position":1,"name":"Portada","item":"https:\/\/bcnsportsfilm.org\/ca\/"},{"@type":"ListItem","position":2,"name":"Carla Su\u00e1rez, ambaixadora del BCN Sports Film Festival, visita el Centre Penitenciari de Joves"}]},{"@type":"WebSite","@id":"https:\/\/bcnsportsfilm.org\/#website","url":"https:\/\/bcnsportsfilm.org\/","name":"Site title","description":"Barcelona International Sports Film Festival","publisher":{"@id":"https:\/\/bcnsportsfilm.org\/#organization"},"potentialAction":[{"@type":"SearchAction","target":{"@type":"EntryPoint","urlTemplate":"https:\/\/bcnsportsfilm.org\/?s={search_term_string}"},"query-input":{"@type":"PropertyValueSpecification","valueRequired":true,"valueName":"search_term_string"}}],"inLanguage":"ca"},{"@type":"Organization","@id":"https:\/\/bcnsportsfilm.org\/#organization","name":"Site title","url":"https:\/\/bcnsportsfilm.org\/","logo":{"@type":"ImageObject","inLanguage":"ca","@id":"https:\/\/bcnsportsfilm.org\/#\/schema\/logo\/image\/","url":"https:\/\/bcnsportsfilm.org\/wp-content\/uploads\/2022\/12\/BCNSportsFilmFestival_logo.png","contentUrl":"https:\/\/bcnsportsfilm.org\/wp-content\/uploads\/2022\/12\/BCNSportsFilmFestival_logo.png","width":131,"height":43,"caption":"Site title"},"image":{"@id":"https:\/\/bcnsportsfilm.org\/#\/schema\/logo\/image\/"},"sameAs":["https:\/\/www.facebook.com\/bcnsportsfilm","https:\/\/x.com\/bcnsportsfilm","https:\/\/www.instagram.com\/fundacio_barcelona_olimpica\/","https:\/\/www.youtube.com\/@fundaciobarcelonaolimpica","https:\/\/www.linkedin.com\/showcase\/bcn-sports-film-festival\/"]},{"@type":"Person","@id":"https:\/\/bcnsportsfilm.org\/#\/schema\/person\/98b722d01ee9f7a0de5b09d914f5bb14","name":"BCN Sports Film","image":{"@type":"ImageObject","inLanguage":"ca","@id":"https:\/\/bcnsportsfilm.org\/#\/schema\/person\/image\/","url":"https:\/\/secure.gravatar.com\/avatar\/38b1a703660de65da7ebd8186fa63a06?s=96&d=mm&r=g","contentUrl":"https:\/\/secure.gravatar.com\/avatar\/38b1a703660de65da7ebd8186fa63a06?s=96&d=mm&r=g","caption":"BCN Sports Film"},"url":"https:\/\/bcnsportsfilm.org\/ca\/author\/bcnsportsfilm\/"}]}},"_links":{"self":[{"href":"https:\/\/bcnsportsfilm.org\/ca\/wp-json\/wp\/v2\/posts\/11940","targetHints":{"allow":["GET"]}}],"collection":[{"href":"https:\/\/bcnsportsfilm.org\/ca\/wp-json\/wp\/v2\/posts"}],"about":[{"href":"https:\/\/bcnsportsfilm.org\/ca\/wp-json\/wp\/v2\/types\/post"}],"author":[{"embeddable":true,"href":"https:\/\/bcnsportsfilm.org\/ca\/wp-json\/wp\/v2\/users\/3"}],"replies":[{"embeddable":true,"href":"https:\/\/bcnsportsfilm.org\/ca\/wp-json\/wp\/v2\/comments?post=11940"}],"version-history":[{"count":1,"href":"https:\/\/bcnsportsfilm.org\/ca\/wp-json\/wp\/v2\/posts\/11940\/revisions"}],"predecessor-version":[{"id":15219,"href":"https:\/\/bcnsportsfilm.org\/ca\/wp-json\/wp\/v2\/posts\/11940\/revisions\/15219"}],"wp:featuredmedia":[{"embeddable":true,"href":"https:\/\/bcnsportsfilm.org\/ca\/wp-json\/wp\/v2\/media\/15207"}],"wp:attachment":[{"href":"https:\/\/bcnsportsfilm.org\/ca\/wp-json\/wp\/v2\/media?parent=11940"}],"wp:term":[{"taxonomy":"category","embeddable":true,"href":"https:\/\/bcnsportsfilm.org\/ca\/wp-json\/wp\/v2\/categories?post=11940"},{"taxonomy":"post_tag","embeddable":true,"href":"https:\/\/bcnsportsfilm.org\/ca\/wp-json\/wp\/v2\/tags?post=11940"}],"curies":[{"name":"wp","href":"https:\/\/api.w.org\/{rel}","templated":true}]}}