{"id":13803,"date":"2022-11-21T19:26:26","date_gmt":"2022-11-21T18:26:26","guid":{"rendered":"https:\/\/www.bcnsportsfilm.org\/?p=13803"},"modified":"2024-01-30T10:26:35","modified_gmt":"2024-01-30T08:26:35","slug":"reserva-per-a-les-sessions-escolars-presencials-del-bcn-sports-film-al-museu-olimpic","status":"publish","type":"post","link":"https:\/\/bcnsportsfilm.org\/ca\/reserva-per-a-les-sessions-escolars-presencials-del-bcn-sports-film-al-museu-olimpic\/","title":{"rendered":"Sessions escolars presencials gratu\u00eftes del BCN Sports Film al Museu Ol\u00edmpic"},"content":{"rendered":"<p><span style=\"color: #333333\"><strong>Vols acostar els valors de l&#8217;esport als m\u00e9s petits? Vine al Museu Ol\u00edmpic i de l\u2019Esport Joan Antoni Samaranch i gaudeix de les sessions escolars de manera presencial els dies 22, 23 i 24 de febrer de 2023.<\/strong><\/span><\/p>\n<p><span style=\"color: #333333\">Al BCN Sports Film sabem que l&#8217;esport \u00e9s una eina educativa. Per aix\u00f2 hem seleccionat produccions d&#8217;animaci\u00f3, ficci\u00f3 i breus documentals amb l&#8217;objectiu de fer reflexionar als\/les escolars sobre temes relacionats amb la immigraci\u00f3, salut, estereotips, rendiment, assetjo escolar o diversitat de g\u00e8nere.<\/span><\/p>\n<p><span style=\"color: #333333\">Una vessant educativa amb la qual podran gaudir de l&#8217;esport i acostar-se als valors que inculca. Per aix\u00f2 comptem amb la col\u00b7laboraci\u00f3 de <a href=\"https:\/\/filmclub.click\/\">FILMCLUB<\/a>, una entitat que promou l&#8217;aprenentatge mitjan\u00e7ant audiovisuals, que ha col\u00b7laborat desenvolupant els dossiers pedag\u00f2gics d&#8217;acord amb les tem\u00e0tiques i edats de cada sessi\u00f3.<\/span><\/p>\n<p><span style=\"color: #333333\">Les diferents sessions presencials es duran a terme els dies <strong>22, 23 i 24 de febrer de 2023<\/strong>.<\/span><\/p>\n<p><span style=\"color: #333333\"><strong>Sessi\u00f3 1<\/strong> \u2013 <strong>De 6 a 8 anys:<\/strong> Companyia, treball en equip, no discriminaci\u00f3, toler\u00e0ncia, valors, etc.<\/span><\/p>\n<p><span style=\"color: #333333\"><strong>Sessi\u00f3 2<\/strong> \u2013 <strong>De 9 a 10 anys:<\/strong> Treball en equip, suport familiar o obstacles als quals fa front un esportista.<\/span><\/p>\n<p><span style=\"color: #333333\"><strong>Sessi\u00f3 3<\/strong> \u2013 <strong>De 11 a 12 anys:<\/strong> Superaci\u00f3 de barreres, lluita pels somnis, solidaritat.<\/span><\/p>\n<p><span style=\"color: #333333\"><strong>Sessi\u00f3 4<\/strong> \u2013 <strong>Valors a trav\u00e9s de l&#8217;esport<\/strong> <strong>De 13 a 14 anys:<\/strong> Valors de l&#8217;esport com el fair-play, la integraci\u00f3 o la col\u00b7laboraci\u00f3.<\/span><\/p>\n<p><span style=\"color: #333333\"><strong>Sessi\u00f3 5<\/strong> \u2013<strong>Prenent conci\u00e8ncia.<\/strong> <strong>De 14 a 16 anys:<\/strong> L&#8217;afectaci\u00f3 en l&#8217;esport a causa de les guerres, conflictes pol\u00edtics o viure en espais marginals.<\/span><\/p>\n<p><span style=\"color: #333333\"><strong>Sessi\u00f3 6<\/strong> \u2013&nbsp;<strong> Diversitat de g\u00e8nere i estereotips.&nbsp;De 16 a 17 anys:<\/strong> Superaci\u00f3 de barreres derivades d&#8217;estereotips, exclusi\u00f3, adversitats f\u00edsiques o tend\u00e8ncies sexuals.<\/span><\/p>\n<p><span style=\"color: #333333\"><strong>Sessi\u00f3 7<\/strong> \u2013 <strong>Trencant barreres. Fora els estereotips! . De 12 a 17 anys:<\/strong> A trav\u00e9s de la hist\u00f2ria de la futbolista Alexia Putellas es treballaran temes com els estereotips, conciliaci\u00f3 familiar o diversitat de g\u00e8nere.<\/span><\/p>\n<p><span style=\"color: #333333\"><strong>Tingues en compte que: <\/strong><\/span><\/p>\n<ul>\n<li><span style=\"color: #333333\">Les sessions seran gratu\u00eftes per a escolars de Prim\u00e0ria, ESO i Batxillerat o cicles formatius.<\/span><\/li>\n<li><span style=\"color: #333333\">La jornada inclou, de manera gratu\u00efta, una visita lliure al Museu Ol\u00edmpic.<\/span><\/li>\n<\/ul>\n<h5><span style=\"color: #993300\"><strong>Reserva ara la teva sessi\u00f3 presencial:<\/strong><\/span><\/h5>\n<noscript class=\"ninja-forms-noscript-message\">\n\tNotice: JavaScript is required for this content.<\/noscript>\nNo Fields Found.<div id=\"nf-form-71-cont\" class=\"nf-form-cont\" aria-live=\"polite\" aria-labelledby=\"nf-form-title-71\" aria-describedby=\"nf-form-errors-71\" role=\"form\">\n\n    <div class=\"nf-loading-spinner\"><\/div>\n\n<\/div>\n        <!-- That data is being printed as a workaround to page builders reordering the order of the scripts loaded-->\n        <script>var formDisplay=1;var nfForms=nfForms||[];var form=[];form.id='71';form.settings={\"ninjaForms\":\"Ninja Forms\",\"changeEmailErrorMsg\":\"Please enter a valid email address!\",\"changeDateErrorMsg\":\"Please enter a valid date!\",\"confirmFieldErrorMsg\":\"These fields must match!\",\"fieldNumberNumMinError\":\"Number Min Error\",\"fieldNumberNumMaxError\":\"Number Max Error\",\"fieldNumberIncrementBy\":\"Please increment by \",\"fieldTextareaRTEInsertLink\":\"Insert Link\",\"fieldTextareaRTEInsertMedia\":\"Insert Media\",\"fieldTextareaRTESelectAFile\":\"Select a file\",\"formErrorsCorrectErrors\":\"Please correct errors before submitting this form.\",\"formHoneypot\":\"If you are a human seeing this field, please leave it empty.\",\"validateRequiredField\":\"This is a required field.\",\"honeypotHoneypotError\":\"Honeypot Error\",\"fileUploadOldCodeFileUploadInProgress\":\"File Upload in Progress.\",\"fileUploadOldCodeFileUpload\":\"FILE UPLOAD\",\"currencySymbol\":\"&#36;\",\"fieldsMarkedRequired\":\"Fields marked with an <span class=\\\"ninja-forms-req-symbol\\\">*<\\\/span> are required\",\"thousands_sep\":\".\",\"decimal_point\":\",\",\"siteLocale\":\"ca\",\"dateFormat\":\"m\\\/d\\\/Y\",\"startOfWeek\":\"1\",\"of\":\"de\",\"previousMonth\":\"Previous Month\",\"nextMonth\":\"Next Month\",\"months\":[\"January\",\"February\",\"March\",\"April\",\"May\",\"June\",\"July\",\"August\",\"September\",\"October\",\"November\",\"December\"],\"monthsShort\":[\"Jan\",\"Feb\",\"Mar\",\"Apr\",\"May\",\"Jun\",\"Jul\",\"Aug\",\"Sep\",\"Oct\",\"Nov\",\"Dec\"],\"weekdays\":[\"Sunday\",\"Monday\",\"Tuesday\",\"Wednesday\",\"Thursday\",\"Friday\",\"Saturday\"],\"weekdaysShort\":[\"Sun\",\"Mon\",\"Tue\",\"Wed\",\"Thu\",\"Fri\",\"Sat\"],\"weekdaysMin\":[\"Su\",\"Mo\",\"Tu\",\"We\",\"Th\",\"Fr\",\"Sa\"],\"recaptchaConsentMissing\":\"reCaptcha validation couldn&#039;t load.\",\"recaptchaMissingCookie\":\"reCaptcha v3 validation couldn&#039;t load the cookie needed to submit the form.\",\"recaptchaConsentEvent\":\"Accept reCaptcha cookies before sending the form.\",\"embed_form\":\"\",\"currency_symbol\":\"\",\"title\":\"\",\"beforeForm\":\"\",\"beforeFields\":\"\",\"afterFields\":\"\",\"afterForm\":\"\"};form.fields=[];nfForms.push(form);<\/script>\n        \n<p><span style=\"color: #333333\">El BCN Sports Film \u00e9s un festival de tots\/as i per a tots\/as! No et quedis sense la teva reserva!<\/span><\/p>\n","protected":false},"excerpt":{"rendered":"<p>Vols acostar els valors de l&#8217;esport als m\u00e9s petits? Vine al Museu Ol\u00edmpic i de l\u2019Esport Joan Antoni Samaranch i gaudeix de les sessions escolars de manera presencial els dies 22, 23 i 24 de febrer de 2023. Al BCN Sports Film sabem que l&#8217;esport \u00e9s una eina educativa. Per aix\u00f2 hem seleccionat produccions d&#8217;animaci\u00f3, [&hellip;]<\/p>\n","protected":false},"author":3,"featured_media":14474,"comment_status":"closed","ping_status":"closed","sticky":false,"template":"","format":"standard","meta":{"_acf_changed":false,"footnotes":""},"categories":[1],"tags":[],"class_list":["post-13803","post","type-post","status-publish","format-standard","has-post-thumbnail","hentry","category-sense-categoria"],"acf":[],"yoast_head":"<!-- This site is optimized with the Yoast SEO plugin v24.1 - https:\/\/yoast.com\/wordpress\/plugins\/seo\/ -->\n<title>Sessions escolars presencials gratu\u00eftes del BCN Sports Film al Museu Ol\u00edmpic - BCN SPORTS FILM 2027<\/title>\n<meta name=\"robots\" content=\"index, follow, max-snippet:-1, max-image-preview:large, max-video-preview:-1\" \/>\n<link rel=\"canonical\" href=\"https:\/\/bcnsportsfilm.org\/ca\/reserva-per-a-les-sessions-escolars-presencials-del-bcn-sports-film-al-museu-olimpic\/\" \/>\n<meta property=\"og:locale\" content=\"ca_ES\" \/>\n<meta property=\"og:type\" content=\"article\" \/>\n<meta property=\"og:title\" content=\"Sessions escolars presencials gratu\u00eftes del BCN Sports Film al Museu Ol\u00edmpic - BCN SPORTS FILM 2027\" \/>\n<meta property=\"og:description\" content=\"Vols acostar els valors de l&#8217;esport als m\u00e9s petits? Vine al Museu Ol\u00edmpic i de l\u2019Esport Joan Antoni Samaranch i gaudeix de les sessions escolars de manera presencial els dies 22, 23 i 24 de febrer de 2023. Al BCN Sports Film sabem que l&#8217;esport \u00e9s una eina educativa. Per aix\u00f2 hem seleccionat produccions d&#8217;animaci\u00f3, [&hellip;]\" \/>\n<meta property=\"og:url\" content=\"https:\/\/bcnsportsfilm.org\/ca\/reserva-per-a-les-sessions-escolars-presencials-del-bcn-sports-film-al-museu-olimpic\/\" \/>\n<meta property=\"og:site_name\" content=\"BCN SPORTS FILM 2027\" \/>\n<meta property=\"article:publisher\" content=\"https:\/\/www.facebook.com\/bcnsportsfilm\" \/>\n<meta property=\"article:published_time\" content=\"2022-11-21T18:26:26+00:00\" \/>\n<meta property=\"article:modified_time\" content=\"2024-01-30T08:26:35+00:00\" \/>\n<meta property=\"og:image\" content=\"https:\/\/bcnsportsfilm.org\/wp-content\/uploads\/2022\/11\/webcoles-infantilBCNSFF2023-1-min.png\" \/>\n\t<meta property=\"og:image:width\" content=\"1500\" \/>\n\t<meta property=\"og:image:height\" content=\"946\" \/>\n\t<meta property=\"og:image:type\" content=\"image\/png\" \/>\n<meta name=\"author\" content=\"BCN Sports Film\" \/>\n<meta name=\"twitter:card\" content=\"summary_large_image\" \/>\n<meta name=\"twitter:creator\" content=\"@bcnsportsfilm\" \/>\n<meta name=\"twitter:site\" content=\"@bcnsportsfilm\" \/>\n<meta name=\"twitter:label1\" content=\"Escrit per\" \/>\n\t<meta name=\"twitter:data1\" content=\"BCN Sports Film\" \/>\n\t<meta name=\"twitter:label2\" content=\"Temps estimat de lectura\" \/>\n\t<meta name=\"twitter:data2\" content=\"2 minuts\" \/>\n<script type=\"application\/ld+json\" class=\"yoast-schema-graph\">{\"@context\":\"https:\/\/schema.org\",\"@graph\":[{\"@type\":\"Article\",\"@id\":\"https:\/\/bcnsportsfilm.org\/ca\/reserva-per-a-les-sessions-escolars-presencials-del-bcn-sports-film-al-museu-olimpic\/#article\",\"isPartOf\":{\"@id\":\"https:\/\/bcnsportsfilm.org\/ca\/reserva-per-a-les-sessions-escolars-presencials-del-bcn-sports-film-al-museu-olimpic\/\"},\"author\":{\"name\":\"BCN Sports Film\",\"@id\":\"https:\/\/bcnsportsfilm.org\/#\/schema\/person\/98b722d01ee9f7a0de5b09d914f5bb14\"},\"headline\":\"Sessions escolars presencials gratu\u00eftes del BCN Sports Film al Museu Ol\u00edmpic\",\"datePublished\":\"2022-11-21T18:26:26+00:00\",\"dateModified\":\"2024-01-30T08:26:35+00:00\",\"mainEntityOfPage\":{\"@id\":\"https:\/\/bcnsportsfilm.org\/ca\/reserva-per-a-les-sessions-escolars-presencials-del-bcn-sports-film-al-museu-olimpic\/\"},\"wordCount\":373,\"publisher\":{\"@id\":\"https:\/\/bcnsportsfilm.org\/#organization\"},\"image\":{\"@id\":\"https:\/\/bcnsportsfilm.org\/ca\/reserva-per-a-les-sessions-escolars-presencials-del-bcn-sports-film-al-museu-olimpic\/#primaryimage\"},\"thumbnailUrl\":\"https:\/\/bcnsportsfilm.org\/wp-content\/uploads\/2022\/11\/webcoles-infantilBCNSFF2023-1-min.png\",\"inLanguage\":\"ca\"},{\"@type\":\"WebPage\",\"@id\":\"https:\/\/bcnsportsfilm.org\/ca\/reserva-per-a-les-sessions-escolars-presencials-del-bcn-sports-film-al-museu-olimpic\/\",\"url\":\"https:\/\/bcnsportsfilm.org\/ca\/reserva-per-a-les-sessions-escolars-presencials-del-bcn-sports-film-al-museu-olimpic\/\",\"name\":\"Sessions escolars presencials gratu\u00eftes del BCN Sports Film al Museu Ol\u00edmpic - BCN SPORTS FILM 2027\",\"isPartOf\":{\"@id\":\"https:\/\/bcnsportsfilm.org\/#website\"},\"primaryImageOfPage\":{\"@id\":\"https:\/\/bcnsportsfilm.org\/ca\/reserva-per-a-les-sessions-escolars-presencials-del-bcn-sports-film-al-museu-olimpic\/#primaryimage\"},\"image\":{\"@id\":\"https:\/\/bcnsportsfilm.org\/ca\/reserva-per-a-les-sessions-escolars-presencials-del-bcn-sports-film-al-museu-olimpic\/#primaryimage\"},\"thumbnailUrl\":\"https:\/\/bcnsportsfilm.org\/wp-content\/uploads\/2022\/11\/webcoles-infantilBCNSFF2023-1-min.png\",\"datePublished\":\"2022-11-21T18:26:26+00:00\",\"dateModified\":\"2024-01-30T08:26:35+00:00\",\"breadcrumb\":{\"@id\":\"https:\/\/bcnsportsfilm.org\/ca\/reserva-per-a-les-sessions-escolars-presencials-del-bcn-sports-film-al-museu-olimpic\/#breadcrumb\"},\"inLanguage\":\"ca\",\"potentialAction\":[{\"@type\":\"ReadAction\",\"target\":[\"https:\/\/bcnsportsfilm.org\/ca\/reserva-per-a-les-sessions-escolars-presencials-del-bcn-sports-film-al-museu-olimpic\/\"]}]},{\"@type\":\"ImageObject\",\"inLanguage\":\"ca\",\"@id\":\"https:\/\/bcnsportsfilm.org\/ca\/reserva-per-a-les-sessions-escolars-presencials-del-bcn-sports-film-al-museu-olimpic\/#primaryimage\",\"url\":\"https:\/\/bcnsportsfilm.org\/wp-content\/uploads\/2022\/11\/webcoles-infantilBCNSFF2023-1-min.png\",\"contentUrl\":\"https:\/\/bcnsportsfilm.org\/wp-content\/uploads\/2022\/11\/webcoles-infantilBCNSFF2023-1-min.png\",\"width\":1500,\"height\":946,\"caption\":\"webcoles infantilBCNSFF2023\"},{\"@type\":\"BreadcrumbList\",\"@id\":\"https:\/\/bcnsportsfilm.org\/ca\/reserva-per-a-les-sessions-escolars-presencials-del-bcn-sports-film-al-museu-olimpic\/#breadcrumb\",\"itemListElement\":[{\"@type\":\"ListItem\",\"position\":1,\"name\":\"Portada\",\"item\":\"https:\/\/bcnsportsfilm.org\/ca\/\"},{\"@type\":\"ListItem\",\"position\":2,\"name\":\"Sessions escolars presencials gratu\u00eftes del BCN Sports Film al Museu Ol\u00edmpic\"}]},{\"@type\":\"WebSite\",\"@id\":\"https:\/\/bcnsportsfilm.org\/#website\",\"url\":\"https:\/\/bcnsportsfilm.org\/\",\"name\":\"Site title\",\"description\":\"Barcelona International Sports Film Festival\",\"publisher\":{\"@id\":\"https:\/\/bcnsportsfilm.org\/#organization\"},\"potentialAction\":[{\"@type\":\"SearchAction\",\"target\":{\"@type\":\"EntryPoint\",\"urlTemplate\":\"https:\/\/bcnsportsfilm.org\/?s={search_term_string}\"},\"query-input\":{\"@type\":\"PropertyValueSpecification\",\"valueRequired\":true,\"valueName\":\"search_term_string\"}}],\"inLanguage\":\"ca\"},{\"@type\":\"Organization\",\"@id\":\"https:\/\/bcnsportsfilm.org\/#organization\",\"name\":\"Site title\",\"url\":\"https:\/\/bcnsportsfilm.org\/\",\"logo\":{\"@type\":\"ImageObject\",\"inLanguage\":\"ca\",\"@id\":\"https:\/\/bcnsportsfilm.org\/#\/schema\/logo\/image\/\",\"url\":\"https:\/\/bcnsportsfilm.org\/wp-content\/uploads\/2022\/12\/BCNSportsFilmFestival_logo.png\",\"contentUrl\":\"https:\/\/bcnsportsfilm.org\/wp-content\/uploads\/2022\/12\/BCNSportsFilmFestival_logo.png\",\"width\":131,\"height\":43,\"caption\":\"Site title\"},\"image\":{\"@id\":\"https:\/\/bcnsportsfilm.org\/#\/schema\/logo\/image\/\"},\"sameAs\":[\"https:\/\/www.facebook.com\/bcnsportsfilm\",\"https:\/\/x.com\/bcnsportsfilm\",\"https:\/\/www.instagram.com\/fundacio_barcelona_olimpica\/\",\"https:\/\/www.youtube.com\/@fundaciobarcelonaolimpica\",\"https:\/\/www.linkedin.com\/showcase\/bcn-sports-film-festival\/\"]},{\"@type\":\"Person\",\"@id\":\"https:\/\/bcnsportsfilm.org\/#\/schema\/person\/98b722d01ee9f7a0de5b09d914f5bb14\",\"name\":\"BCN Sports Film\",\"image\":{\"@type\":\"ImageObject\",\"inLanguage\":\"ca\",\"@id\":\"https:\/\/bcnsportsfilm.org\/#\/schema\/person\/image\/\",\"url\":\"https:\/\/secure.gravatar.com\/avatar\/38b1a703660de65da7ebd8186fa63a06?s=96&d=mm&r=g\",\"contentUrl\":\"https:\/\/secure.gravatar.com\/avatar\/38b1a703660de65da7ebd8186fa63a06?s=96&d=mm&r=g\",\"caption\":\"BCN Sports Film\"},\"url\":\"https:\/\/bcnsportsfilm.org\/ca\/author\/bcnsportsfilm\/\"}]}<\/script>\n<!-- \/ Yoast SEO plugin. -->","yoast_head_json":{"title":"Sessions escolars presencials gratu\u00eftes del BCN Sports Film al Museu Ol\u00edmpic - BCN SPORTS FILM 2027","robots":{"index":"index","follow":"follow","max-snippet":"max-snippet:-1","max-image-preview":"max-image-preview:large","max-video-preview":"max-video-preview:-1"},"canonical":"https:\/\/bcnsportsfilm.org\/ca\/reserva-per-a-les-sessions-escolars-presencials-del-bcn-sports-film-al-museu-olimpic\/","og_locale":"ca_ES","og_type":"article","og_title":"Sessions escolars presencials gratu\u00eftes del BCN Sports Film al Museu Ol\u00edmpic - BCN SPORTS FILM 2027","og_description":"Vols acostar els valors de l&#8217;esport als m\u00e9s petits? Vine al Museu Ol\u00edmpic i de l\u2019Esport Joan Antoni Samaranch i gaudeix de les sessions escolars de manera presencial els dies 22, 23 i 24 de febrer de 2023. Al BCN Sports Film sabem que l&#8217;esport \u00e9s una eina educativa. Per aix\u00f2 hem seleccionat produccions d&#8217;animaci\u00f3, [&hellip;]","og_url":"https:\/\/bcnsportsfilm.org\/ca\/reserva-per-a-les-sessions-escolars-presencials-del-bcn-sports-film-al-museu-olimpic\/","og_site_name":"BCN SPORTS FILM 2027","article_publisher":"https:\/\/www.facebook.com\/bcnsportsfilm","article_published_time":"2022-11-21T18:26:26+00:00","article_modified_time":"2024-01-30T08:26:35+00:00","og_image":[{"width":1500,"height":946,"url":"https:\/\/bcnsportsfilm.org\/wp-content\/uploads\/2022\/11\/webcoles-infantilBCNSFF2023-1-min.png","type":"image\/png"}],"author":"BCN Sports Film","twitter_card":"summary_large_image","twitter_creator":"@bcnsportsfilm","twitter_site":"@bcnsportsfilm","twitter_misc":{"Escrit per":"BCN Sports Film","Temps estimat de lectura":"2 minuts"},"schema":{"@context":"https:\/\/schema.org","@graph":[{"@type":"Article","@id":"https:\/\/bcnsportsfilm.org\/ca\/reserva-per-a-les-sessions-escolars-presencials-del-bcn-sports-film-al-museu-olimpic\/#article","isPartOf":{"@id":"https:\/\/bcnsportsfilm.org\/ca\/reserva-per-a-les-sessions-escolars-presencials-del-bcn-sports-film-al-museu-olimpic\/"},"author":{"name":"BCN Sports Film","@id":"https:\/\/bcnsportsfilm.org\/#\/schema\/person\/98b722d01ee9f7a0de5b09d914f5bb14"},"headline":"Sessions escolars presencials gratu\u00eftes del BCN Sports Film al Museu Ol\u00edmpic","datePublished":"2022-11-21T18:26:26+00:00","dateModified":"2024-01-30T08:26:35+00:00","mainEntityOfPage":{"@id":"https:\/\/bcnsportsfilm.org\/ca\/reserva-per-a-les-sessions-escolars-presencials-del-bcn-sports-film-al-museu-olimpic\/"},"wordCount":373,"publisher":{"@id":"https:\/\/bcnsportsfilm.org\/#organization"},"image":{"@id":"https:\/\/bcnsportsfilm.org\/ca\/reserva-per-a-les-sessions-escolars-presencials-del-bcn-sports-film-al-museu-olimpic\/#primaryimage"},"thumbnailUrl":"https:\/\/bcnsportsfilm.org\/wp-content\/uploads\/2022\/11\/webcoles-infantilBCNSFF2023-1-min.png","inLanguage":"ca"},{"@type":"WebPage","@id":"https:\/\/bcnsportsfilm.org\/ca\/reserva-per-a-les-sessions-escolars-presencials-del-bcn-sports-film-al-museu-olimpic\/","url":"https:\/\/bcnsportsfilm.org\/ca\/reserva-per-a-les-sessions-escolars-presencials-del-bcn-sports-film-al-museu-olimpic\/","name":"Sessions escolars presencials gratu\u00eftes del BCN Sports Film al Museu Ol\u00edmpic - BCN SPORTS FILM 2027","isPartOf":{"@id":"https:\/\/bcnsportsfilm.org\/#website"},"primaryImageOfPage":{"@id":"https:\/\/bcnsportsfilm.org\/ca\/reserva-per-a-les-sessions-escolars-presencials-del-bcn-sports-film-al-museu-olimpic\/#primaryimage"},"image":{"@id":"https:\/\/bcnsportsfilm.org\/ca\/reserva-per-a-les-sessions-escolars-presencials-del-bcn-sports-film-al-museu-olimpic\/#primaryimage"},"thumbnailUrl":"https:\/\/bcnsportsfilm.org\/wp-content\/uploads\/2022\/11\/webcoles-infantilBCNSFF2023-1-min.png","datePublished":"2022-11-21T18:26:26+00:00","dateModified":"2024-01-30T08:26:35+00:00","breadcrumb":{"@id":"https:\/\/bcnsportsfilm.org\/ca\/reserva-per-a-les-sessions-escolars-presencials-del-bcn-sports-film-al-museu-olimpic\/#breadcrumb"},"inLanguage":"ca","potentialAction":[{"@type":"ReadAction","target":["https:\/\/bcnsportsfilm.org\/ca\/reserva-per-a-les-sessions-escolars-presencials-del-bcn-sports-film-al-museu-olimpic\/"]}]},{"@type":"ImageObject","inLanguage":"ca","@id":"https:\/\/bcnsportsfilm.org\/ca\/reserva-per-a-les-sessions-escolars-presencials-del-bcn-sports-film-al-museu-olimpic\/#primaryimage","url":"https:\/\/bcnsportsfilm.org\/wp-content\/uploads\/2022\/11\/webcoles-infantilBCNSFF2023-1-min.png","contentUrl":"https:\/\/bcnsportsfilm.org\/wp-content\/uploads\/2022\/11\/webcoles-infantilBCNSFF2023-1-min.png","width":1500,"height":946,"caption":"webcoles infantilBCNSFF2023"},{"@type":"BreadcrumbList","@id":"https:\/\/bcnsportsfilm.org\/ca\/reserva-per-a-les-sessions-escolars-presencials-del-bcn-sports-film-al-museu-olimpic\/#breadcrumb","itemListElement":[{"@type":"ListItem","position":1,"name":"Portada","item":"https:\/\/bcnsportsfilm.org\/ca\/"},{"@type":"ListItem","position":2,"name":"Sessions escolars presencials gratu\u00eftes del BCN Sports Film al Museu Ol\u00edmpic"}]},{"@type":"WebSite","@id":"https:\/\/bcnsportsfilm.org\/#website","url":"https:\/\/bcnsportsfilm.org\/","name":"Site title","description":"Barcelona International Sports Film Festival","publisher":{"@id":"https:\/\/bcnsportsfilm.org\/#organization"},"potentialAction":[{"@type":"SearchAction","target":{"@type":"EntryPoint","urlTemplate":"https:\/\/bcnsportsfilm.org\/?s={search_term_string}"},"query-input":{"@type":"PropertyValueSpecification","valueRequired":true,"valueName":"search_term_string"}}],"inLanguage":"ca"},{"@type":"Organization","@id":"https:\/\/bcnsportsfilm.org\/#organization","name":"Site title","url":"https:\/\/bcnsportsfilm.org\/","logo":{"@type":"ImageObject","inLanguage":"ca","@id":"https:\/\/bcnsportsfilm.org\/#\/schema\/logo\/image\/","url":"https:\/\/bcnsportsfilm.org\/wp-content\/uploads\/2022\/12\/BCNSportsFilmFestival_logo.png","contentUrl":"https:\/\/bcnsportsfilm.org\/wp-content\/uploads\/2022\/12\/BCNSportsFilmFestival_logo.png","width":131,"height":43,"caption":"Site title"},"image":{"@id":"https:\/\/bcnsportsfilm.org\/#\/schema\/logo\/image\/"},"sameAs":["https:\/\/www.facebook.com\/bcnsportsfilm","https:\/\/x.com\/bcnsportsfilm","https:\/\/www.instagram.com\/fundacio_barcelona_olimpica\/","https:\/\/www.youtube.com\/@fundaciobarcelonaolimpica","https:\/\/www.linkedin.com\/showcase\/bcn-sports-film-festival\/"]},{"@type":"Person","@id":"https:\/\/bcnsportsfilm.org\/#\/schema\/person\/98b722d01ee9f7a0de5b09d914f5bb14","name":"BCN Sports Film","image":{"@type":"ImageObject","inLanguage":"ca","@id":"https:\/\/bcnsportsfilm.org\/#\/schema\/person\/image\/","url":"https:\/\/secure.gravatar.com\/avatar\/38b1a703660de65da7ebd8186fa63a06?s=96&d=mm&r=g","contentUrl":"https:\/\/secure.gravatar.com\/avatar\/38b1a703660de65da7ebd8186fa63a06?s=96&d=mm&r=g","caption":"BCN Sports Film"},"url":"https:\/\/bcnsportsfilm.org\/ca\/author\/bcnsportsfilm\/"}]}},"_links":{"self":[{"href":"https:\/\/bcnsportsfilm.org\/ca\/wp-json\/wp\/v2\/posts\/13803","targetHints":{"allow":["GET"]}}],"collection":[{"href":"https:\/\/bcnsportsfilm.org\/ca\/wp-json\/wp\/v2\/posts"}],"about":[{"href":"https:\/\/bcnsportsfilm.org\/ca\/wp-json\/wp\/v2\/types\/post"}],"author":[{"embeddable":true,"href":"https:\/\/bcnsportsfilm.org\/ca\/wp-json\/wp\/v2\/users\/3"}],"replies":[{"embeddable":true,"href":"https:\/\/bcnsportsfilm.org\/ca\/wp-json\/wp\/v2\/comments?post=13803"}],"version-history":[{"count":1,"href":"https:\/\/bcnsportsfilm.org\/ca\/wp-json\/wp\/v2\/posts\/13803\/revisions"}],"predecessor-version":[{"id":14472,"href":"https:\/\/bcnsportsfilm.org\/ca\/wp-json\/wp\/v2\/posts\/13803\/revisions\/14472"}],"wp:featuredmedia":[{"embeddable":true,"href":"https:\/\/bcnsportsfilm.org\/ca\/wp-json\/wp\/v2\/media\/14474"}],"wp:attachment":[{"href":"https:\/\/bcnsportsfilm.org\/ca\/wp-json\/wp\/v2\/media?parent=13803"}],"wp:term":[{"taxonomy":"category","embeddable":true,"href":"https:\/\/bcnsportsfilm.org\/ca\/wp-json\/wp\/v2\/categories?post=13803"},{"taxonomy":"post_tag","embeddable":true,"href":"https:\/\/bcnsportsfilm.org\/ca\/wp-json\/wp\/v2\/tags?post=13803"}],"curies":[{"name":"wp","href":"https:\/\/api.w.org\/{rel}","templated":true}]}}