{"id":13814,"date":"2022-11-18T14:59:54","date_gmt":"2022-11-18T13:59:54","guid":{"rendered":"https:\/\/www.bcnsportsfilm.org\/?p=13814"},"modified":"2024-01-30T10:26:35","modified_gmt":"2024-01-30T08:26:35","slug":"el-jurat-oficial-del-bcn-sports-film-2023-es-reuneix-a-barcelona","status":"publish","type":"post","link":"https:\/\/bcnsportsfilm.org\/ca\/el-jurat-oficial-del-bcn-sports-film-2023-es-reuneix-a-barcelona\/","title":{"rendered":"El Jurat Oficial del BCN Sports Film 2023 es reuneix a Barcelona"},"content":{"rendered":"<p><span style=\"color: #333333\"><b>El jurat oficial BCN Sports Film 2023 s&#8217;ha reunit per a debatre sobre les produccions presentades en la 13a edici\u00f3 del festival, que tindr\u00e0 lloc del 20 al 28 de febrer.&nbsp;<\/b><\/span><\/p>\n<p>&nbsp;<\/p>\n<p><span style=\"font-weight: 400;color: #333333\">La reuni\u00f3 ha comptat amb la pres\u00e8ncia de <strong>Francesc Terr\u00f3n<\/strong>, director de la Fundaci\u00f3 Barcelona Ol\u00edmpica; <strong>Agust\u00ed Argelich<\/strong>, director del festival; i les quatre personalitats que integren el jurat oficial vinculades al cinema, l&#8217;esport i la cultura:<\/span><\/p>\n<ul>\n<li><span style=\"color: #333333\"><b>Josep Roca<\/b><span style=\"font-weight: 400\">: llicenciat en filologia hisp\u00e0nica, coordinador de relacions internacionals i de grans esdeveniments esportius internacionals a l&#8217;Ajuntament de Barcelona i representant t\u00e8cnic en la World Union Of Olympic Cities.<\/span><\/span><\/li>\n<li><span style=\"color: #333333\"><b>L\u00eddia Flaqu\u00e9<\/b><span style=\"font-weight: 400\">: llicenciada en Ci\u00e8ncies de l&#8217;Educaci\u00f3 i esportista d&#8217;alt nivell en l&#8217;\u00e0mbit de la nataci\u00f3. Actualment \u00e9s secret\u00e0ria general de la Federaci\u00f3 Catalana de Nataci\u00f3 i directiva de la Real Federaci\u00f3 Espanyola de Nataci\u00f3.<\/span><\/span><\/li>\n<li><span style=\"color: #333333\"><b>Jos\u00e9 Lu\u00eds Beltr\u00e1n<\/b><span style=\"font-weight: 400\">: diplomat en Ci\u00e8ncies Empresarials i en Turisme. Ha dut a terme tasques de jurat en el festival de curtmetratges de Vinar\u00f2s Agust\u00ed Comes, aix\u00ed com diverses activitats de difusi\u00f3 de tem\u00e0tica cinematogr\u00e0fica.&nbsp;<\/span><\/span><\/li>\n<li><span style=\"color: #333333\"><b>Marguerite Hayter<\/b><span style=\"font-weight: 400\">: diplomada en teatre i m\u00e0ster en cinema en la Universitat Paris 8. T\u00e9 una llarga experi\u00e8ncia en la realitzaci\u00f3 de documentals, ficci\u00f3 i publicitat. Tamb\u00e9 ha estat jurat en diversos festivals.&nbsp;<\/span><\/span><\/li>\n<\/ul>\n<p>&nbsp;<\/p>\n<p><span style=\"font-weight: 400;color: #333333\">En ella s&#8217;han deliberat les produccions audiovisuals guanyadores que s&#8217;anunciaran el <strong>dissabte 25 de febrer<\/strong> durant la cerim\u00f2nia de clausura en el Museu Ol\u00edmpic i de l\u2019Esport Joan Antoni Samaranch.<\/span><\/p>\n<p>&nbsp;<\/p>\n<p>&nbsp;<\/p>\n","protected":false},"excerpt":{"rendered":"<p>El jurat oficial BCN Sports Film 2023 s&#8217;ha reunit per a debatre sobre les produccions presentades en la 13a edici\u00f3 del festival, que tindr\u00e0 lloc del 20 al 28 de febrer.&nbsp; &nbsp; La reuni\u00f3 ha comptat amb la pres\u00e8ncia de Francesc Terr\u00f3n, director de la Fundaci\u00f3 Barcelona Ol\u00edmpica; Agust\u00ed Argelich, director del festival; i les [&hellip;]<\/p>\n","protected":false},"author":3,"featured_media":14486,"comment_status":"closed","ping_status":"closed","sticky":false,"template":"","format":"standard","meta":{"_acf_changed":false,"footnotes":""},"categories":[1],"tags":[],"class_list":["post-13814","post","type-post","status-publish","format-standard","has-post-thumbnail","hentry","category-sense-categoria"],"acf":[],"yoast_head":"<!-- This site is optimized with the Yoast SEO plugin v24.1 - https:\/\/yoast.com\/wordpress\/plugins\/seo\/ -->\n<title>El Jurat Oficial del BCN Sports Film 2023 es reuneix a Barcelona - BCN SPORTS FILM 2027<\/title>\n<meta name=\"robots\" content=\"index, follow, max-snippet:-1, max-image-preview:large, max-video-preview:-1\" \/>\n<link rel=\"canonical\" href=\"https:\/\/bcnsportsfilm.org\/ca\/el-jurat-oficial-del-bcn-sports-film-2023-es-reuneix-a-barcelona\/\" \/>\n<meta property=\"og:locale\" content=\"ca_ES\" \/>\n<meta property=\"og:type\" content=\"article\" \/>\n<meta property=\"og:title\" content=\"El Jurat Oficial del BCN Sports Film 2023 es reuneix a Barcelona - BCN SPORTS FILM 2027\" \/>\n<meta property=\"og:description\" content=\"El jurat oficial BCN Sports Film 2023 s&#8217;ha reunit per a debatre sobre les produccions presentades en la 13a edici\u00f3 del festival, que tindr\u00e0 lloc del 20 al 28 de febrer.&nbsp; &nbsp; La reuni\u00f3 ha comptat amb la pres\u00e8ncia de Francesc Terr\u00f3n, director de la Fundaci\u00f3 Barcelona Ol\u00edmpica; Agust\u00ed Argelich, director del festival; i les [&hellip;]\" \/>\n<meta property=\"og:url\" content=\"https:\/\/bcnsportsfilm.org\/ca\/el-jurat-oficial-del-bcn-sports-film-2023-es-reuneix-a-barcelona\/\" \/>\n<meta property=\"og:site_name\" content=\"BCN SPORTS FILM 2027\" \/>\n<meta property=\"article:publisher\" content=\"https:\/\/www.facebook.com\/bcnsportsfilm\" \/>\n<meta property=\"article:published_time\" content=\"2022-11-18T13:59:54+00:00\" \/>\n<meta property=\"article:modified_time\" content=\"2024-01-30T08:26:35+00:00\" \/>\n<meta property=\"og:image\" content=\"https:\/\/bcnsportsfilm.org\/wp-content\/uploads\/2022\/11\/JURADO-BCN-SPORTS-FILM-2023_13-3-min.jpg\" \/>\n\t<meta property=\"og:image:width\" content=\"1500\" \/>\n\t<meta property=\"og:image:height\" content=\"946\" \/>\n\t<meta property=\"og:image:type\" content=\"image\/jpeg\" \/>\n<meta name=\"author\" content=\"BCN Sports Film\" \/>\n<meta name=\"twitter:card\" content=\"summary_large_image\" \/>\n<meta name=\"twitter:creator\" content=\"@bcnsportsfilm\" \/>\n<meta name=\"twitter:site\" content=\"@bcnsportsfilm\" \/>\n<meta name=\"twitter:label1\" content=\"Escrit per\" \/>\n\t<meta name=\"twitter:data1\" content=\"BCN Sports Film\" \/>\n\t<meta name=\"twitter:label2\" content=\"Temps estimat de lectura\" \/>\n\t<meta name=\"twitter:data2\" content=\"2 minuts\" \/>\n<script type=\"application\/ld+json\" class=\"yoast-schema-graph\">{\"@context\":\"https:\/\/schema.org\",\"@graph\":[{\"@type\":\"Article\",\"@id\":\"https:\/\/bcnsportsfilm.org\/ca\/el-jurat-oficial-del-bcn-sports-film-2023-es-reuneix-a-barcelona\/#article\",\"isPartOf\":{\"@id\":\"https:\/\/bcnsportsfilm.org\/ca\/el-jurat-oficial-del-bcn-sports-film-2023-es-reuneix-a-barcelona\/\"},\"author\":{\"name\":\"BCN Sports Film\",\"@id\":\"https:\/\/bcnsportsfilm.org\/#\/schema\/person\/98b722d01ee9f7a0de5b09d914f5bb14\"},\"headline\":\"El Jurat Oficial del BCN Sports Film 2023 es reuneix a Barcelona\",\"datePublished\":\"2022-11-18T13:59:54+00:00\",\"dateModified\":\"2024-01-30T08:26:35+00:00\",\"mainEntityOfPage\":{\"@id\":\"https:\/\/bcnsportsfilm.org\/ca\/el-jurat-oficial-del-bcn-sports-film-2023-es-reuneix-a-barcelona\/\"},\"wordCount\":264,\"publisher\":{\"@id\":\"https:\/\/bcnsportsfilm.org\/#organization\"},\"image\":{\"@id\":\"https:\/\/bcnsportsfilm.org\/ca\/el-jurat-oficial-del-bcn-sports-film-2023-es-reuneix-a-barcelona\/#primaryimage\"},\"thumbnailUrl\":\"https:\/\/bcnsportsfilm.org\/wp-content\/uploads\/2022\/11\/JURADO-BCN-SPORTS-FILM-2023_13-3-min.jpg\",\"inLanguage\":\"ca\"},{\"@type\":\"WebPage\",\"@id\":\"https:\/\/bcnsportsfilm.org\/ca\/el-jurat-oficial-del-bcn-sports-film-2023-es-reuneix-a-barcelona\/\",\"url\":\"https:\/\/bcnsportsfilm.org\/ca\/el-jurat-oficial-del-bcn-sports-film-2023-es-reuneix-a-barcelona\/\",\"name\":\"El Jurat Oficial del BCN Sports Film 2023 es reuneix a Barcelona - BCN SPORTS FILM 2027\",\"isPartOf\":{\"@id\":\"https:\/\/bcnsportsfilm.org\/#website\"},\"primaryImageOfPage\":{\"@id\":\"https:\/\/bcnsportsfilm.org\/ca\/el-jurat-oficial-del-bcn-sports-film-2023-es-reuneix-a-barcelona\/#primaryimage\"},\"image\":{\"@id\":\"https:\/\/bcnsportsfilm.org\/ca\/el-jurat-oficial-del-bcn-sports-film-2023-es-reuneix-a-barcelona\/#primaryimage\"},\"thumbnailUrl\":\"https:\/\/bcnsportsfilm.org\/wp-content\/uploads\/2022\/11\/JURADO-BCN-SPORTS-FILM-2023_13-3-min.jpg\",\"datePublished\":\"2022-11-18T13:59:54+00:00\",\"dateModified\":\"2024-01-30T08:26:35+00:00\",\"breadcrumb\":{\"@id\":\"https:\/\/bcnsportsfilm.org\/ca\/el-jurat-oficial-del-bcn-sports-film-2023-es-reuneix-a-barcelona\/#breadcrumb\"},\"inLanguage\":\"ca\",\"potentialAction\":[{\"@type\":\"ReadAction\",\"target\":[\"https:\/\/bcnsportsfilm.org\/ca\/el-jurat-oficial-del-bcn-sports-film-2023-es-reuneix-a-barcelona\/\"]}]},{\"@type\":\"ImageObject\",\"inLanguage\":\"ca\",\"@id\":\"https:\/\/bcnsportsfilm.org\/ca\/el-jurat-oficial-del-bcn-sports-film-2023-es-reuneix-a-barcelona\/#primaryimage\",\"url\":\"https:\/\/bcnsportsfilm.org\/wp-content\/uploads\/2022\/11\/JURADO-BCN-SPORTS-FILM-2023_13-3-min.jpg\",\"contentUrl\":\"https:\/\/bcnsportsfilm.org\/wp-content\/uploads\/2022\/11\/JURADO-BCN-SPORTS-FILM-2023_13-3-min.jpg\",\"width\":1500,\"height\":946},{\"@type\":\"BreadcrumbList\",\"@id\":\"https:\/\/bcnsportsfilm.org\/ca\/el-jurat-oficial-del-bcn-sports-film-2023-es-reuneix-a-barcelona\/#breadcrumb\",\"itemListElement\":[{\"@type\":\"ListItem\",\"position\":1,\"name\":\"Portada\",\"item\":\"https:\/\/bcnsportsfilm.org\/ca\/\"},{\"@type\":\"ListItem\",\"position\":2,\"name\":\"El Jurat Oficial del BCN Sports Film 2023 es reuneix a Barcelona\"}]},{\"@type\":\"WebSite\",\"@id\":\"https:\/\/bcnsportsfilm.org\/#website\",\"url\":\"https:\/\/bcnsportsfilm.org\/\",\"name\":\"Site title\",\"description\":\"Barcelona International Sports Film Festival\",\"publisher\":{\"@id\":\"https:\/\/bcnsportsfilm.org\/#organization\"},\"potentialAction\":[{\"@type\":\"SearchAction\",\"target\":{\"@type\":\"EntryPoint\",\"urlTemplate\":\"https:\/\/bcnsportsfilm.org\/?s={search_term_string}\"},\"query-input\":{\"@type\":\"PropertyValueSpecification\",\"valueRequired\":true,\"valueName\":\"search_term_string\"}}],\"inLanguage\":\"ca\"},{\"@type\":\"Organization\",\"@id\":\"https:\/\/bcnsportsfilm.org\/#organization\",\"name\":\"Site title\",\"url\":\"https:\/\/bcnsportsfilm.org\/\",\"logo\":{\"@type\":\"ImageObject\",\"inLanguage\":\"ca\",\"@id\":\"https:\/\/bcnsportsfilm.org\/#\/schema\/logo\/image\/\",\"url\":\"https:\/\/bcnsportsfilm.org\/wp-content\/uploads\/2022\/12\/BCNSportsFilmFestival_logo.png\",\"contentUrl\":\"https:\/\/bcnsportsfilm.org\/wp-content\/uploads\/2022\/12\/BCNSportsFilmFestival_logo.png\",\"width\":131,\"height\":43,\"caption\":\"Site title\"},\"image\":{\"@id\":\"https:\/\/bcnsportsfilm.org\/#\/schema\/logo\/image\/\"},\"sameAs\":[\"https:\/\/www.facebook.com\/bcnsportsfilm\",\"https:\/\/x.com\/bcnsportsfilm\",\"https:\/\/www.instagram.com\/fundacio_barcelona_olimpica\/\",\"https:\/\/www.youtube.com\/@fundaciobarcelonaolimpica\",\"https:\/\/www.linkedin.com\/showcase\/bcn-sports-film-festival\/\"]},{\"@type\":\"Person\",\"@id\":\"https:\/\/bcnsportsfilm.org\/#\/schema\/person\/98b722d01ee9f7a0de5b09d914f5bb14\",\"name\":\"BCN Sports Film\",\"image\":{\"@type\":\"ImageObject\",\"inLanguage\":\"ca\",\"@id\":\"https:\/\/bcnsportsfilm.org\/#\/schema\/person\/image\/\",\"url\":\"https:\/\/secure.gravatar.com\/avatar\/38b1a703660de65da7ebd8186fa63a06?s=96&d=mm&r=g\",\"contentUrl\":\"https:\/\/secure.gravatar.com\/avatar\/38b1a703660de65da7ebd8186fa63a06?s=96&d=mm&r=g\",\"caption\":\"BCN Sports Film\"},\"url\":\"https:\/\/bcnsportsfilm.org\/ca\/author\/bcnsportsfilm\/\"}]}<\/script>\n<!-- \/ Yoast SEO plugin. -->","yoast_head_json":{"title":"El Jurat Oficial del BCN Sports Film 2023 es reuneix a Barcelona - BCN SPORTS FILM 2027","robots":{"index":"index","follow":"follow","max-snippet":"max-snippet:-1","max-image-preview":"max-image-preview:large","max-video-preview":"max-video-preview:-1"},"canonical":"https:\/\/bcnsportsfilm.org\/ca\/el-jurat-oficial-del-bcn-sports-film-2023-es-reuneix-a-barcelona\/","og_locale":"ca_ES","og_type":"article","og_title":"El Jurat Oficial del BCN Sports Film 2023 es reuneix a Barcelona - BCN SPORTS FILM 2027","og_description":"El jurat oficial BCN Sports Film 2023 s&#8217;ha reunit per a debatre sobre les produccions presentades en la 13a edici\u00f3 del festival, que tindr\u00e0 lloc del 20 al 28 de febrer.&nbsp; &nbsp; La reuni\u00f3 ha comptat amb la pres\u00e8ncia de Francesc Terr\u00f3n, director de la Fundaci\u00f3 Barcelona Ol\u00edmpica; Agust\u00ed Argelich, director del festival; i les [&hellip;]","og_url":"https:\/\/bcnsportsfilm.org\/ca\/el-jurat-oficial-del-bcn-sports-film-2023-es-reuneix-a-barcelona\/","og_site_name":"BCN SPORTS FILM 2027","article_publisher":"https:\/\/www.facebook.com\/bcnsportsfilm","article_published_time":"2022-11-18T13:59:54+00:00","article_modified_time":"2024-01-30T08:26:35+00:00","og_image":[{"width":1500,"height":946,"url":"https:\/\/bcnsportsfilm.org\/wp-content\/uploads\/2022\/11\/JURADO-BCN-SPORTS-FILM-2023_13-3-min.jpg","type":"image\/jpeg"}],"author":"BCN Sports Film","twitter_card":"summary_large_image","twitter_creator":"@bcnsportsfilm","twitter_site":"@bcnsportsfilm","twitter_misc":{"Escrit per":"BCN Sports Film","Temps estimat de lectura":"2 minuts"},"schema":{"@context":"https:\/\/schema.org","@graph":[{"@type":"Article","@id":"https:\/\/bcnsportsfilm.org\/ca\/el-jurat-oficial-del-bcn-sports-film-2023-es-reuneix-a-barcelona\/#article","isPartOf":{"@id":"https:\/\/bcnsportsfilm.org\/ca\/el-jurat-oficial-del-bcn-sports-film-2023-es-reuneix-a-barcelona\/"},"author":{"name":"BCN Sports Film","@id":"https:\/\/bcnsportsfilm.org\/#\/schema\/person\/98b722d01ee9f7a0de5b09d914f5bb14"},"headline":"El Jurat Oficial del BCN Sports Film 2023 es reuneix a Barcelona","datePublished":"2022-11-18T13:59:54+00:00","dateModified":"2024-01-30T08:26:35+00:00","mainEntityOfPage":{"@id":"https:\/\/bcnsportsfilm.org\/ca\/el-jurat-oficial-del-bcn-sports-film-2023-es-reuneix-a-barcelona\/"},"wordCount":264,"publisher":{"@id":"https:\/\/bcnsportsfilm.org\/#organization"},"image":{"@id":"https:\/\/bcnsportsfilm.org\/ca\/el-jurat-oficial-del-bcn-sports-film-2023-es-reuneix-a-barcelona\/#primaryimage"},"thumbnailUrl":"https:\/\/bcnsportsfilm.org\/wp-content\/uploads\/2022\/11\/JURADO-BCN-SPORTS-FILM-2023_13-3-min.jpg","inLanguage":"ca"},{"@type":"WebPage","@id":"https:\/\/bcnsportsfilm.org\/ca\/el-jurat-oficial-del-bcn-sports-film-2023-es-reuneix-a-barcelona\/","url":"https:\/\/bcnsportsfilm.org\/ca\/el-jurat-oficial-del-bcn-sports-film-2023-es-reuneix-a-barcelona\/","name":"El Jurat Oficial del BCN Sports Film 2023 es reuneix a Barcelona - BCN SPORTS FILM 2027","isPartOf":{"@id":"https:\/\/bcnsportsfilm.org\/#website"},"primaryImageOfPage":{"@id":"https:\/\/bcnsportsfilm.org\/ca\/el-jurat-oficial-del-bcn-sports-film-2023-es-reuneix-a-barcelona\/#primaryimage"},"image":{"@id":"https:\/\/bcnsportsfilm.org\/ca\/el-jurat-oficial-del-bcn-sports-film-2023-es-reuneix-a-barcelona\/#primaryimage"},"thumbnailUrl":"https:\/\/bcnsportsfilm.org\/wp-content\/uploads\/2022\/11\/JURADO-BCN-SPORTS-FILM-2023_13-3-min.jpg","datePublished":"2022-11-18T13:59:54+00:00","dateModified":"2024-01-30T08:26:35+00:00","breadcrumb":{"@id":"https:\/\/bcnsportsfilm.org\/ca\/el-jurat-oficial-del-bcn-sports-film-2023-es-reuneix-a-barcelona\/#breadcrumb"},"inLanguage":"ca","potentialAction":[{"@type":"ReadAction","target":["https:\/\/bcnsportsfilm.org\/ca\/el-jurat-oficial-del-bcn-sports-film-2023-es-reuneix-a-barcelona\/"]}]},{"@type":"ImageObject","inLanguage":"ca","@id":"https:\/\/bcnsportsfilm.org\/ca\/el-jurat-oficial-del-bcn-sports-film-2023-es-reuneix-a-barcelona\/#primaryimage","url":"https:\/\/bcnsportsfilm.org\/wp-content\/uploads\/2022\/11\/JURADO-BCN-SPORTS-FILM-2023_13-3-min.jpg","contentUrl":"https:\/\/bcnsportsfilm.org\/wp-content\/uploads\/2022\/11\/JURADO-BCN-SPORTS-FILM-2023_13-3-min.jpg","width":1500,"height":946},{"@type":"BreadcrumbList","@id":"https:\/\/bcnsportsfilm.org\/ca\/el-jurat-oficial-del-bcn-sports-film-2023-es-reuneix-a-barcelona\/#breadcrumb","itemListElement":[{"@type":"ListItem","position":1,"name":"Portada","item":"https:\/\/bcnsportsfilm.org\/ca\/"},{"@type":"ListItem","position":2,"name":"El Jurat Oficial del BCN Sports Film 2023 es reuneix a Barcelona"}]},{"@type":"WebSite","@id":"https:\/\/bcnsportsfilm.org\/#website","url":"https:\/\/bcnsportsfilm.org\/","name":"Site title","description":"Barcelona International Sports Film Festival","publisher":{"@id":"https:\/\/bcnsportsfilm.org\/#organization"},"potentialAction":[{"@type":"SearchAction","target":{"@type":"EntryPoint","urlTemplate":"https:\/\/bcnsportsfilm.org\/?s={search_term_string}"},"query-input":{"@type":"PropertyValueSpecification","valueRequired":true,"valueName":"search_term_string"}}],"inLanguage":"ca"},{"@type":"Organization","@id":"https:\/\/bcnsportsfilm.org\/#organization","name":"Site title","url":"https:\/\/bcnsportsfilm.org\/","logo":{"@type":"ImageObject","inLanguage":"ca","@id":"https:\/\/bcnsportsfilm.org\/#\/schema\/logo\/image\/","url":"https:\/\/bcnsportsfilm.org\/wp-content\/uploads\/2022\/12\/BCNSportsFilmFestival_logo.png","contentUrl":"https:\/\/bcnsportsfilm.org\/wp-content\/uploads\/2022\/12\/BCNSportsFilmFestival_logo.png","width":131,"height":43,"caption":"Site title"},"image":{"@id":"https:\/\/bcnsportsfilm.org\/#\/schema\/logo\/image\/"},"sameAs":["https:\/\/www.facebook.com\/bcnsportsfilm","https:\/\/x.com\/bcnsportsfilm","https:\/\/www.instagram.com\/fundacio_barcelona_olimpica\/","https:\/\/www.youtube.com\/@fundaciobarcelonaolimpica","https:\/\/www.linkedin.com\/showcase\/bcn-sports-film-festival\/"]},{"@type":"Person","@id":"https:\/\/bcnsportsfilm.org\/#\/schema\/person\/98b722d01ee9f7a0de5b09d914f5bb14","name":"BCN Sports Film","image":{"@type":"ImageObject","inLanguage":"ca","@id":"https:\/\/bcnsportsfilm.org\/#\/schema\/person\/image\/","url":"https:\/\/secure.gravatar.com\/avatar\/38b1a703660de65da7ebd8186fa63a06?s=96&d=mm&r=g","contentUrl":"https:\/\/secure.gravatar.com\/avatar\/38b1a703660de65da7ebd8186fa63a06?s=96&d=mm&r=g","caption":"BCN Sports Film"},"url":"https:\/\/bcnsportsfilm.org\/ca\/author\/bcnsportsfilm\/"}]}},"_links":{"self":[{"href":"https:\/\/bcnsportsfilm.org\/ca\/wp-json\/wp\/v2\/posts\/13814","targetHints":{"allow":["GET"]}}],"collection":[{"href":"https:\/\/bcnsportsfilm.org\/ca\/wp-json\/wp\/v2\/posts"}],"about":[{"href":"https:\/\/bcnsportsfilm.org\/ca\/wp-json\/wp\/v2\/types\/post"}],"author":[{"embeddable":true,"href":"https:\/\/bcnsportsfilm.org\/ca\/wp-json\/wp\/v2\/users\/3"}],"replies":[{"embeddable":true,"href":"https:\/\/bcnsportsfilm.org\/ca\/wp-json\/wp\/v2\/comments?post=13814"}],"version-history":[{"count":1,"href":"https:\/\/bcnsportsfilm.org\/ca\/wp-json\/wp\/v2\/posts\/13814\/revisions"}],"predecessor-version":[{"id":14489,"href":"https:\/\/bcnsportsfilm.org\/ca\/wp-json\/wp\/v2\/posts\/13814\/revisions\/14489"}],"wp:featuredmedia":[{"embeddable":true,"href":"https:\/\/bcnsportsfilm.org\/ca\/wp-json\/wp\/v2\/media\/14486"}],"wp:attachment":[{"href":"https:\/\/bcnsportsfilm.org\/ca\/wp-json\/wp\/v2\/media?parent=13814"}],"wp:term":[{"taxonomy":"category","embeddable":true,"href":"https:\/\/bcnsportsfilm.org\/ca\/wp-json\/wp\/v2\/categories?post=13814"},{"taxonomy":"post_tag","embeddable":true,"href":"https:\/\/bcnsportsfilm.org\/ca\/wp-json\/wp\/v2\/tags?post=13814"}],"curies":[{"name":"wp","href":"https:\/\/api.w.org\/{rel}","templated":true}]}}