{"id":26077,"date":"2024-01-09T17:19:01","date_gmt":"2024-01-09T15:19:01","guid":{"rendered":"https:\/\/bcnsportsfilm.org\/ya-estan-abiertas-las-sesiones-escolares-online-del-bcn-sports-film-festival-inscribete\/"},"modified":"2024-01-30T10:26:32","modified_gmt":"2024-01-30T08:26:32","slug":"ya-estan-abiertas-las-sesiones-escolares-online-del-bcn-sports-film-festival-inscribete","status":"publish","type":"post","link":"https:\/\/bcnsportsfilm.org\/ca\/ya-estan-abiertas-las-sesiones-escolares-online-del-bcn-sports-film-festival-inscribete\/","title":{"rendered":"Ja estan obertes les sessions escolars EN L\u00cdNIA del BCN Sports Film Festival. Inscriu-te!"},"content":{"rendered":"<p class=\"has-medium-font-size\"><strong>Ets docent de prim\u00e0ria, ESO, batxillerat o cicles formatius? Reflexiona amb l&#8217;alumnat sobre temes com la immigraci\u00f3, la salut, estereotips, \u201cbullying\u201d, rendiment o diversitat de g\u00e8nere\u2026 I tot de manera gratu\u00efta del 15 de gener al 30 de mar\u00e7!<\/strong>&#013;\n&#013;\n\u00a0<\/p><hr class=\"wp-block-separator has-alpha-channel-opacity\" \/><p>Per a aix\u00f2 comptem amb la col\u00b7laboraci\u00f3 de FILMCLUB, una entitat que promou l&#8217;aprenentatge mitjan\u00e7ant audiovisuals, que ha col\u00b7laborat desenvolupant els dossiers pedag\u00f2gics d&#8217;acord amb les tem\u00e0tiques i edats de cada sessi\u00f3. Totes les sessions estan disponibles en catal\u00e0 o castell\u00e0.&#013;\n<\/p><hr class=\"wp-block-separator has-alpha-channel-opacity\" \/><p class=\"has-medium-font-size\"><b>Qu\u00e8 has de saber sobre les sessions EN L\u00cdNIA?<\/b><\/p><ul class=\"wp-block-list\"><li><span style=\"font-weight: 400\">Les sessions estaran disponibles de forma virtual des del <strong>15 de gener fins al 30 de mar\u00e7<\/strong>.<\/span><\/li>\n\n<li><span style=\"font-weight: 400\"><strong>Totes les sessions s\u00f3n gratu\u00eftes<\/strong>. Es precirsar\u00e1 d&#8217;una sol\u00b7licitud pr\u00e8via on se sol\u00b7licitar\u00e0 un responsable que es comprometi a respectar i que es respecti la pol\u00edtica de privacitat.<\/span><\/li>\n\n<li><span style=\"font-weight: 400\">Una vegada verificades les credencials del responsable, es facilitar\u00e0 una <strong>clau d&#8217;acc\u00e9s a les sessions<\/strong>.<\/span>&#013;\n&#013;\n\u00a0<\/li>\n\n<li><span style=\"font-weight: 400\">Es recomana que es descarreguin el <strong>dossier pedag\u00f2gic desenvolupat per FILMCLUB<\/strong> per a poder treballar el contingut de la sessi\u00f3.<\/span>&#013;\n&#013;\n\u00a0<\/li><\/ul><hr class=\"wp-block-separator has-alpha-channel-opacity\" \/><p class=\"has-medium-font-size\"><b>Sobre qu\u00e8 tracta cada sessi\u00f3?<\/b>&#013;\n&#013;\n\u00a0<\/p><p><b>Sessi\u00f3 1 \u2013 De 6 a 8 anys:<\/b><span style=\"font-weight: 400\"> Aquesta sessi\u00f3 \u00e9s un emocionant viatge cinematogr\u00e0fic on es celebra la passi\u00f3, la superaci\u00f3 i la creativitat en l&#8217;esport. A trav\u00e9s de cada hist\u00f2ria, l&#8217;alumnat podr\u00e0 aprendre valors com l&#8217;esfor\u00e7, la perseveran\u00e7a i la diversi\u00f3 en la competici\u00f3 i la vida quotidiana.<\/span><\/p><p><b>Sessi\u00f3 2 \u2013 De 9 a 10 anys: <\/b><span style=\"font-weight: 400\">En aquesta sessi\u00f3 es podran treballar valors com la determinaci\u00f3, el coratge, l&#8217;autenticitat i la superaci\u00f3 personal. Aspectes determinants per al desenvolupament personal de l&#8217;alumnat.<\/span>&#013;\n&#013;\n\u00a0<\/p><p><b>Sessi\u00f3 3 \u2013 De 11 a 12 anys: <\/b><span style=\"font-weight: 400\">Dotar de recursos per a superar barreres \u00e9s un dels aspectes que els equips docents i de formaci\u00f3 desenvolupen a les seves classes. En aquesta sessi\u00f3 volem mostrar algunes d&#8217;aquestes eines i aspectes a tenir en compte per ajudar a v\u00e8ncer aquests obstacles.<\/span>&#013;\n&#013;\n\u00a0<\/p><p><b>Sessi\u00f3 4 \u2013 De 13 a 14 anys: <\/b><span style=\"font-weight: 400\">Una sessi\u00f3 inspiradora en la qual l&#8217;alumnat podr\u00e0 treballar, a trav\u00e9s d&#8217;hist\u00f2ries commovedores i motivadores, valors molt presents en l&#8217;esport com la perseveran\u00e7a, el treball en equip o el respecte per la natura.<\/span><\/p><p><b>Sessi\u00f3 5 \u2013Prenent consci\u00e8ncia. De 14 a 17 anys: <\/b><span style=\"font-weight: 400\">L&#8217;adolesc\u00e8ncia est\u00e0 vinculada a la presa de consci\u00e8ncia, la responsabilitat, la superaci\u00f3 personal, les passions i l&#8217;equilibri entre els somnis i les responsabilitats. Gr\u00e0cies a aquesta sessi\u00f3, l&#8217;alumnat podr\u00e0 reflexionar sobre tots aquests aspectes des d&#8217;un context esportiu.<\/span><\/p><p><b>Sessi\u00f3 6 \u2013 Diversitat de g\u00e8nere i estereotips. De 14 a 17 anys: <\/b><span style=\"font-weight: 400\">Les adversitats f\u00edsiques, les tend\u00e8ncies sexuals o les normes d&#8217;exclusi\u00f3 s\u00f3n, en ocasions, impediments que poden afectar el desenvolupament personal i esportiu. A trav\u00e9s d&#8217;aquestes produccions, l&#8217;alumnat podr\u00e0 prendre consci\u00e8ncia d&#8217;aix\u00f2 i combatre les barreres a les quals s&#8217;enfronten esportistes que no sempre s\u00f3n f\u00edsiques.<\/span><\/p><p><\/p><hr class=\"wp-block-separator has-alpha-channel-opacity\" \/><p><a href=\"https:\/\/bcnsportsfilm.org\/ca\/sessions-escolars-online\/registre\/\"><b>Inscriu-te aqu\u00ed<\/b><\/a>&#013;\n&#013;\n\u00a0<\/p>","protected":false},"excerpt":{"rendered":"<p>Ets docent de prim\u00e0ria, ESO, batxillerat o cicles formatius? Reflexiona amb l&#8217;alumnat sobre temes com la immigraci\u00f3, la salut, estereotips, \u201cbullying\u201d, rendiment o diversitat de g\u00e8nere\u2026 I tot de manera gratu\u00efta del 15 de gener al 30 de mar\u00e7!&#013; &#013; \u00a0 Per a aix\u00f2 comptem amb la col\u00b7laboraci\u00f3 de FILMCLUB, una entitat que promou l&#8217;aprenentatge [&hellip;]<\/p>\n","protected":false},"author":18,"featured_media":26080,"comment_status":"closed","ping_status":"closed","sticky":false,"template":"","format":"standard","meta":{"_acf_changed":false,"footnotes":""},"categories":[51],"tags":[1009,57,71,1012,1027,52],"class_list":["post-26077","post","type-post","status-publish","format-standard","has-post-thumbnail","hentry","category-festival-ca","tag-14thedition-ca","tag-bcn-sports-film","tag-bcnsportsfilm","tag-edicio2024-ca","tag-escolars","tag-festival"],"acf":[],"yoast_head":"<!-- This site is optimized with the Yoast SEO plugin v24.1 - https:\/\/yoast.com\/wordpress\/plugins\/seo\/ -->\n<title>Ja estan obertes les sessions escolars EN L\u00cdNIA del BCN Sports Film Festival. Inscriu-te! - BCN SPORTS FILM 2027<\/title>\n<meta name=\"robots\" content=\"index, follow, max-snippet:-1, max-image-preview:large, max-video-preview:-1\" \/>\n<link rel=\"canonical\" href=\"https:\/\/bcnsportsfilm.org\/ca\/ya-estan-abiertas-las-sesiones-escolares-online-del-bcn-sports-film-festival-inscribete\/\" \/>\n<meta property=\"og:locale\" content=\"ca_ES\" \/>\n<meta property=\"og:type\" content=\"article\" \/>\n<meta property=\"og:title\" content=\"Ja estan obertes les sessions escolars EN L\u00cdNIA del BCN Sports Film Festival. Inscriu-te! - BCN SPORTS FILM 2027\" \/>\n<meta property=\"og:description\" content=\"Ets docent de prim\u00e0ria, ESO, batxillerat o cicles formatius? Reflexiona amb l&#8217;alumnat sobre temes com la immigraci\u00f3, la salut, estereotips, \u201cbullying\u201d, rendiment o diversitat de g\u00e8nere\u2026 I tot de manera gratu\u00efta del 15 de gener al 30 de mar\u00e7!&#013; &#013; \u00a0 Per a aix\u00f2 comptem amb la col\u00b7laboraci\u00f3 de FILMCLUB, una entitat que promou l&#8217;aprenentatge [&hellip;]\" \/>\n<meta property=\"og:url\" content=\"https:\/\/bcnsportsfilm.org\/ca\/ya-estan-abiertas-las-sesiones-escolares-online-del-bcn-sports-film-festival-inscribete\/\" \/>\n<meta property=\"og:site_name\" content=\"BCN SPORTS FILM 2027\" \/>\n<meta property=\"article:publisher\" content=\"https:\/\/www.facebook.com\/bcnsportsfilm\" \/>\n<meta property=\"article:published_time\" content=\"2024-01-09T15:19:01+00:00\" \/>\n<meta property=\"article:modified_time\" content=\"2024-01-30T08:26:32+00:00\" \/>\n<meta property=\"og:image\" content=\"https:\/\/bcnsportsfilm.org\/wp-content\/uploads\/2024\/01\/banner-web-INFANTIL-1440x670-1.png\" \/>\n\t<meta property=\"og:image:width\" content=\"1920\" \/>\n\t<meta property=\"og:image:height\" content=\"1080\" \/>\n\t<meta property=\"og:image:type\" content=\"image\/png\" \/>\n<meta name=\"author\" content=\"adminbcnsportsfilm\" \/>\n<meta name=\"twitter:card\" content=\"summary_large_image\" \/>\n<meta name=\"twitter:creator\" content=\"@bcnsportsfilm\" \/>\n<meta name=\"twitter:site\" content=\"@bcnsportsfilm\" \/>\n<meta name=\"twitter:label1\" content=\"Escrit per\" \/>\n\t<meta name=\"twitter:data1\" content=\"adminbcnsportsfilm\" \/>\n\t<meta name=\"twitter:label2\" content=\"Temps estimat de lectura\" \/>\n\t<meta name=\"twitter:data2\" content=\"2 minuts\" \/>\n<script type=\"application\/ld+json\" class=\"yoast-schema-graph\">{\"@context\":\"https:\/\/schema.org\",\"@graph\":[{\"@type\":\"Article\",\"@id\":\"https:\/\/bcnsportsfilm.org\/ca\/ya-estan-abiertas-las-sesiones-escolares-online-del-bcn-sports-film-festival-inscribete\/#article\",\"isPartOf\":{\"@id\":\"https:\/\/bcnsportsfilm.org\/ca\/ya-estan-abiertas-las-sesiones-escolares-online-del-bcn-sports-film-festival-inscribete\/\"},\"author\":{\"name\":\"adminbcnsportsfilm\",\"@id\":\"https:\/\/bcnsportsfilm.org\/#\/schema\/person\/82c3d6f7cae6decbce5ad0631c14ff06\"},\"headline\":\"Ja estan obertes les sessions escolars EN L\u00cdNIA del BCN Sports Film Festival. Inscriu-te!\",\"datePublished\":\"2024-01-09T15:19:01+00:00\",\"dateModified\":\"2024-01-30T08:26:32+00:00\",\"mainEntityOfPage\":{\"@id\":\"https:\/\/bcnsportsfilm.org\/ca\/ya-estan-abiertas-las-sesiones-escolares-online-del-bcn-sports-film-festival-inscribete\/\"},\"wordCount\":481,\"publisher\":{\"@id\":\"https:\/\/bcnsportsfilm.org\/#organization\"},\"image\":{\"@id\":\"https:\/\/bcnsportsfilm.org\/ca\/ya-estan-abiertas-las-sesiones-escolares-online-del-bcn-sports-film-festival-inscribete\/#primaryimage\"},\"thumbnailUrl\":\"https:\/\/bcnsportsfilm.org\/wp-content\/uploads\/2024\/01\/banner-web-INFANTIL-1440x670-1.png\",\"keywords\":[\"14thedition\",\"BCN Sports Film\",\"BCNSportsFilm\",\"Edici\u00f32024\",\"escolars\",\"festival\"],\"articleSection\":[\"Festival\"],\"inLanguage\":\"ca\"},{\"@type\":\"WebPage\",\"@id\":\"https:\/\/bcnsportsfilm.org\/ca\/ya-estan-abiertas-las-sesiones-escolares-online-del-bcn-sports-film-festival-inscribete\/\",\"url\":\"https:\/\/bcnsportsfilm.org\/ca\/ya-estan-abiertas-las-sesiones-escolares-online-del-bcn-sports-film-festival-inscribete\/\",\"name\":\"Ja estan obertes les sessions escolars EN L\u00cdNIA del BCN Sports Film Festival. Inscriu-te! - BCN SPORTS FILM 2027\",\"isPartOf\":{\"@id\":\"https:\/\/bcnsportsfilm.org\/#website\"},\"primaryImageOfPage\":{\"@id\":\"https:\/\/bcnsportsfilm.org\/ca\/ya-estan-abiertas-las-sesiones-escolares-online-del-bcn-sports-film-festival-inscribete\/#primaryimage\"},\"image\":{\"@id\":\"https:\/\/bcnsportsfilm.org\/ca\/ya-estan-abiertas-las-sesiones-escolares-online-del-bcn-sports-film-festival-inscribete\/#primaryimage\"},\"thumbnailUrl\":\"https:\/\/bcnsportsfilm.org\/wp-content\/uploads\/2024\/01\/banner-web-INFANTIL-1440x670-1.png\",\"datePublished\":\"2024-01-09T15:19:01+00:00\",\"dateModified\":\"2024-01-30T08:26:32+00:00\",\"breadcrumb\":{\"@id\":\"https:\/\/bcnsportsfilm.org\/ca\/ya-estan-abiertas-las-sesiones-escolares-online-del-bcn-sports-film-festival-inscribete\/#breadcrumb\"},\"inLanguage\":\"ca\",\"potentialAction\":[{\"@type\":\"ReadAction\",\"target\":[\"https:\/\/bcnsportsfilm.org\/ca\/ya-estan-abiertas-las-sesiones-escolares-online-del-bcn-sports-film-festival-inscribete\/\"]}]},{\"@type\":\"ImageObject\",\"inLanguage\":\"ca\",\"@id\":\"https:\/\/bcnsportsfilm.org\/ca\/ya-estan-abiertas-las-sesiones-escolares-online-del-bcn-sports-film-festival-inscribete\/#primaryimage\",\"url\":\"https:\/\/bcnsportsfilm.org\/wp-content\/uploads\/2024\/01\/banner-web-INFANTIL-1440x670-1.png\",\"contentUrl\":\"https:\/\/bcnsportsfilm.org\/wp-content\/uploads\/2024\/01\/banner-web-INFANTIL-1440x670-1.png\",\"width\":1920,\"height\":1080},{\"@type\":\"BreadcrumbList\",\"@id\":\"https:\/\/bcnsportsfilm.org\/ca\/ya-estan-abiertas-las-sesiones-escolares-online-del-bcn-sports-film-festival-inscribete\/#breadcrumb\",\"itemListElement\":[{\"@type\":\"ListItem\",\"position\":1,\"name\":\"Portada\",\"item\":\"https:\/\/bcnsportsfilm.org\/ca\/\"},{\"@type\":\"ListItem\",\"position\":2,\"name\":\"Ja estan obertes les sessions escolars EN L\u00cdNIA del BCN Sports Film Festival. Inscriu-te!\"}]},{\"@type\":\"WebSite\",\"@id\":\"https:\/\/bcnsportsfilm.org\/#website\",\"url\":\"https:\/\/bcnsportsfilm.org\/\",\"name\":\"Site title\",\"description\":\"Barcelona International Sports Film Festival\",\"publisher\":{\"@id\":\"https:\/\/bcnsportsfilm.org\/#organization\"},\"potentialAction\":[{\"@type\":\"SearchAction\",\"target\":{\"@type\":\"EntryPoint\",\"urlTemplate\":\"https:\/\/bcnsportsfilm.org\/?s={search_term_string}\"},\"query-input\":{\"@type\":\"PropertyValueSpecification\",\"valueRequired\":true,\"valueName\":\"search_term_string\"}}],\"inLanguage\":\"ca\"},{\"@type\":\"Organization\",\"@id\":\"https:\/\/bcnsportsfilm.org\/#organization\",\"name\":\"Site title\",\"url\":\"https:\/\/bcnsportsfilm.org\/\",\"logo\":{\"@type\":\"ImageObject\",\"inLanguage\":\"ca\",\"@id\":\"https:\/\/bcnsportsfilm.org\/#\/schema\/logo\/image\/\",\"url\":\"https:\/\/bcnsportsfilm.org\/wp-content\/uploads\/2022\/12\/BCNSportsFilmFestival_logo.png\",\"contentUrl\":\"https:\/\/bcnsportsfilm.org\/wp-content\/uploads\/2022\/12\/BCNSportsFilmFestival_logo.png\",\"width\":131,\"height\":43,\"caption\":\"Site title\"},\"image\":{\"@id\":\"https:\/\/bcnsportsfilm.org\/#\/schema\/logo\/image\/\"},\"sameAs\":[\"https:\/\/www.facebook.com\/bcnsportsfilm\",\"https:\/\/x.com\/bcnsportsfilm\",\"https:\/\/www.instagram.com\/fundacio_barcelona_olimpica\/\",\"https:\/\/www.youtube.com\/@fundaciobarcelonaolimpica\",\"https:\/\/www.linkedin.com\/showcase\/bcn-sports-film-festival\/\"]},{\"@type\":\"Person\",\"@id\":\"https:\/\/bcnsportsfilm.org\/#\/schema\/person\/82c3d6f7cae6decbce5ad0631c14ff06\",\"name\":\"adminbcnsportsfilm\",\"image\":{\"@type\":\"ImageObject\",\"inLanguage\":\"ca\",\"@id\":\"https:\/\/bcnsportsfilm.org\/#\/schema\/person\/image\/\",\"url\":\"https:\/\/secure.gravatar.com\/avatar\/2e53f93cebaf9c2ccaa632da872e0e17?s=96&d=mm&r=g\",\"contentUrl\":\"https:\/\/secure.gravatar.com\/avatar\/2e53f93cebaf9c2ccaa632da872e0e17?s=96&d=mm&r=g\",\"caption\":\"adminbcnsportsfilm\"},\"url\":\"https:\/\/bcnsportsfilm.org\/ca\/author\/adminbcnsportsfilm\/\"}]}<\/script>\n<!-- \/ Yoast SEO plugin. -->","yoast_head_json":{"title":"Ja estan obertes les sessions escolars EN L\u00cdNIA del BCN Sports Film Festival. Inscriu-te! - BCN SPORTS FILM 2027","robots":{"index":"index","follow":"follow","max-snippet":"max-snippet:-1","max-image-preview":"max-image-preview:large","max-video-preview":"max-video-preview:-1"},"canonical":"https:\/\/bcnsportsfilm.org\/ca\/ya-estan-abiertas-las-sesiones-escolares-online-del-bcn-sports-film-festival-inscribete\/","og_locale":"ca_ES","og_type":"article","og_title":"Ja estan obertes les sessions escolars EN L\u00cdNIA del BCN Sports Film Festival. Inscriu-te! - BCN SPORTS FILM 2027","og_description":"Ets docent de prim\u00e0ria, ESO, batxillerat o cicles formatius? Reflexiona amb l&#8217;alumnat sobre temes com la immigraci\u00f3, la salut, estereotips, \u201cbullying\u201d, rendiment o diversitat de g\u00e8nere\u2026 I tot de manera gratu\u00efta del 15 de gener al 30 de mar\u00e7!&#013; &#013; \u00a0 Per a aix\u00f2 comptem amb la col\u00b7laboraci\u00f3 de FILMCLUB, una entitat que promou l&#8217;aprenentatge [&hellip;]","og_url":"https:\/\/bcnsportsfilm.org\/ca\/ya-estan-abiertas-las-sesiones-escolares-online-del-bcn-sports-film-festival-inscribete\/","og_site_name":"BCN SPORTS FILM 2027","article_publisher":"https:\/\/www.facebook.com\/bcnsportsfilm","article_published_time":"2024-01-09T15:19:01+00:00","article_modified_time":"2024-01-30T08:26:32+00:00","og_image":[{"width":1920,"height":1080,"url":"https:\/\/bcnsportsfilm.org\/wp-content\/uploads\/2024\/01\/banner-web-INFANTIL-1440x670-1.png","type":"image\/png"}],"author":"adminbcnsportsfilm","twitter_card":"summary_large_image","twitter_creator":"@bcnsportsfilm","twitter_site":"@bcnsportsfilm","twitter_misc":{"Escrit per":"adminbcnsportsfilm","Temps estimat de lectura":"2 minuts"},"schema":{"@context":"https:\/\/schema.org","@graph":[{"@type":"Article","@id":"https:\/\/bcnsportsfilm.org\/ca\/ya-estan-abiertas-las-sesiones-escolares-online-del-bcn-sports-film-festival-inscribete\/#article","isPartOf":{"@id":"https:\/\/bcnsportsfilm.org\/ca\/ya-estan-abiertas-las-sesiones-escolares-online-del-bcn-sports-film-festival-inscribete\/"},"author":{"name":"adminbcnsportsfilm","@id":"https:\/\/bcnsportsfilm.org\/#\/schema\/person\/82c3d6f7cae6decbce5ad0631c14ff06"},"headline":"Ja estan obertes les sessions escolars EN L\u00cdNIA del BCN Sports Film Festival. Inscriu-te!","datePublished":"2024-01-09T15:19:01+00:00","dateModified":"2024-01-30T08:26:32+00:00","mainEntityOfPage":{"@id":"https:\/\/bcnsportsfilm.org\/ca\/ya-estan-abiertas-las-sesiones-escolares-online-del-bcn-sports-film-festival-inscribete\/"},"wordCount":481,"publisher":{"@id":"https:\/\/bcnsportsfilm.org\/#organization"},"image":{"@id":"https:\/\/bcnsportsfilm.org\/ca\/ya-estan-abiertas-las-sesiones-escolares-online-del-bcn-sports-film-festival-inscribete\/#primaryimage"},"thumbnailUrl":"https:\/\/bcnsportsfilm.org\/wp-content\/uploads\/2024\/01\/banner-web-INFANTIL-1440x670-1.png","keywords":["14thedition","BCN Sports Film","BCNSportsFilm","Edici\u00f32024","escolars","festival"],"articleSection":["Festival"],"inLanguage":"ca"},{"@type":"WebPage","@id":"https:\/\/bcnsportsfilm.org\/ca\/ya-estan-abiertas-las-sesiones-escolares-online-del-bcn-sports-film-festival-inscribete\/","url":"https:\/\/bcnsportsfilm.org\/ca\/ya-estan-abiertas-las-sesiones-escolares-online-del-bcn-sports-film-festival-inscribete\/","name":"Ja estan obertes les sessions escolars EN L\u00cdNIA del BCN Sports Film Festival. Inscriu-te! - BCN SPORTS FILM 2027","isPartOf":{"@id":"https:\/\/bcnsportsfilm.org\/#website"},"primaryImageOfPage":{"@id":"https:\/\/bcnsportsfilm.org\/ca\/ya-estan-abiertas-las-sesiones-escolares-online-del-bcn-sports-film-festival-inscribete\/#primaryimage"},"image":{"@id":"https:\/\/bcnsportsfilm.org\/ca\/ya-estan-abiertas-las-sesiones-escolares-online-del-bcn-sports-film-festival-inscribete\/#primaryimage"},"thumbnailUrl":"https:\/\/bcnsportsfilm.org\/wp-content\/uploads\/2024\/01\/banner-web-INFANTIL-1440x670-1.png","datePublished":"2024-01-09T15:19:01+00:00","dateModified":"2024-01-30T08:26:32+00:00","breadcrumb":{"@id":"https:\/\/bcnsportsfilm.org\/ca\/ya-estan-abiertas-las-sesiones-escolares-online-del-bcn-sports-film-festival-inscribete\/#breadcrumb"},"inLanguage":"ca","potentialAction":[{"@type":"ReadAction","target":["https:\/\/bcnsportsfilm.org\/ca\/ya-estan-abiertas-las-sesiones-escolares-online-del-bcn-sports-film-festival-inscribete\/"]}]},{"@type":"ImageObject","inLanguage":"ca","@id":"https:\/\/bcnsportsfilm.org\/ca\/ya-estan-abiertas-las-sesiones-escolares-online-del-bcn-sports-film-festival-inscribete\/#primaryimage","url":"https:\/\/bcnsportsfilm.org\/wp-content\/uploads\/2024\/01\/banner-web-INFANTIL-1440x670-1.png","contentUrl":"https:\/\/bcnsportsfilm.org\/wp-content\/uploads\/2024\/01\/banner-web-INFANTIL-1440x670-1.png","width":1920,"height":1080},{"@type":"BreadcrumbList","@id":"https:\/\/bcnsportsfilm.org\/ca\/ya-estan-abiertas-las-sesiones-escolares-online-del-bcn-sports-film-festival-inscribete\/#breadcrumb","itemListElement":[{"@type":"ListItem","position":1,"name":"Portada","item":"https:\/\/bcnsportsfilm.org\/ca\/"},{"@type":"ListItem","position":2,"name":"Ja estan obertes les sessions escolars EN L\u00cdNIA del BCN Sports Film Festival. Inscriu-te!"}]},{"@type":"WebSite","@id":"https:\/\/bcnsportsfilm.org\/#website","url":"https:\/\/bcnsportsfilm.org\/","name":"Site title","description":"Barcelona International Sports Film Festival","publisher":{"@id":"https:\/\/bcnsportsfilm.org\/#organization"},"potentialAction":[{"@type":"SearchAction","target":{"@type":"EntryPoint","urlTemplate":"https:\/\/bcnsportsfilm.org\/?s={search_term_string}"},"query-input":{"@type":"PropertyValueSpecification","valueRequired":true,"valueName":"search_term_string"}}],"inLanguage":"ca"},{"@type":"Organization","@id":"https:\/\/bcnsportsfilm.org\/#organization","name":"Site title","url":"https:\/\/bcnsportsfilm.org\/","logo":{"@type":"ImageObject","inLanguage":"ca","@id":"https:\/\/bcnsportsfilm.org\/#\/schema\/logo\/image\/","url":"https:\/\/bcnsportsfilm.org\/wp-content\/uploads\/2022\/12\/BCNSportsFilmFestival_logo.png","contentUrl":"https:\/\/bcnsportsfilm.org\/wp-content\/uploads\/2022\/12\/BCNSportsFilmFestival_logo.png","width":131,"height":43,"caption":"Site title"},"image":{"@id":"https:\/\/bcnsportsfilm.org\/#\/schema\/logo\/image\/"},"sameAs":["https:\/\/www.facebook.com\/bcnsportsfilm","https:\/\/x.com\/bcnsportsfilm","https:\/\/www.instagram.com\/fundacio_barcelona_olimpica\/","https:\/\/www.youtube.com\/@fundaciobarcelonaolimpica","https:\/\/www.linkedin.com\/showcase\/bcn-sports-film-festival\/"]},{"@type":"Person","@id":"https:\/\/bcnsportsfilm.org\/#\/schema\/person\/82c3d6f7cae6decbce5ad0631c14ff06","name":"adminbcnsportsfilm","image":{"@type":"ImageObject","inLanguage":"ca","@id":"https:\/\/bcnsportsfilm.org\/#\/schema\/person\/image\/","url":"https:\/\/secure.gravatar.com\/avatar\/2e53f93cebaf9c2ccaa632da872e0e17?s=96&d=mm&r=g","contentUrl":"https:\/\/secure.gravatar.com\/avatar\/2e53f93cebaf9c2ccaa632da872e0e17?s=96&d=mm&r=g","caption":"adminbcnsportsfilm"},"url":"https:\/\/bcnsportsfilm.org\/ca\/author\/adminbcnsportsfilm\/"}]}},"_links":{"self":[{"href":"https:\/\/bcnsportsfilm.org\/ca\/wp-json\/wp\/v2\/posts\/26077","targetHints":{"allow":["GET"]}}],"collection":[{"href":"https:\/\/bcnsportsfilm.org\/ca\/wp-json\/wp\/v2\/posts"}],"about":[{"href":"https:\/\/bcnsportsfilm.org\/ca\/wp-json\/wp\/v2\/types\/post"}],"author":[{"embeddable":true,"href":"https:\/\/bcnsportsfilm.org\/ca\/wp-json\/wp\/v2\/users\/18"}],"replies":[{"embeddable":true,"href":"https:\/\/bcnsportsfilm.org\/ca\/wp-json\/wp\/v2\/comments?post=26077"}],"version-history":[{"count":8,"href":"https:\/\/bcnsportsfilm.org\/ca\/wp-json\/wp\/v2\/posts\/26077\/revisions"}],"predecessor-version":[{"id":26307,"href":"https:\/\/bcnsportsfilm.org\/ca\/wp-json\/wp\/v2\/posts\/26077\/revisions\/26307"}],"wp:featuredmedia":[{"embeddable":true,"href":"https:\/\/bcnsportsfilm.org\/ca\/wp-json\/wp\/v2\/media\/26080"}],"wp:attachment":[{"href":"https:\/\/bcnsportsfilm.org\/ca\/wp-json\/wp\/v2\/media?parent=26077"}],"wp:term":[{"taxonomy":"category","embeddable":true,"href":"https:\/\/bcnsportsfilm.org\/ca\/wp-json\/wp\/v2\/categories?post=26077"},{"taxonomy":"post_tag","embeddable":true,"href":"https:\/\/bcnsportsfilm.org\/ca\/wp-json\/wp\/v2\/tags?post=26077"}],"curies":[{"name":"wp","href":"https:\/\/api.w.org\/{rel}","templated":true}]}}