{"id":44364,"date":"2025-02-19T11:16:47","date_gmt":"2025-02-19T09:16:47","guid":{"rendered":"https:\/\/bcnsportsfilm.org\/?p=44364"},"modified":"2025-02-19T11:17:20","modified_gmt":"2025-02-19T09:17:20","slug":"urtain-el-idolo-de-barro-celebra-la-seva-premiere-mundial-al-bcn-sports-film-festival-2025","status":"publish","type":"post","link":"https:\/\/bcnsportsfilm.org\/ca\/urtain-el-idolo-de-barro-celebra-la-seva-premiere-mundial-al-bcn-sports-film-festival-2025\/","title":{"rendered":"&#8220;Urtain, el \u00eddolo de barro&#8221; celebra la seva premi\u00e8re mundial al BCN Sports Film Festival 2025"},"content":{"rendered":"\t\t<div data-elementor-type=\"wp-post\" data-elementor-id=\"44364\" class=\"elementor elementor-44364 elementor-44348\" data-elementor-post-type=\"post\">\n\t\t\t\t\t\t<section class=\"elementor-section elementor-top-section elementor-element elementor-element-429ecf4 elementor-section-boxed elementor-section-height-default elementor-section-height-default qodef-elementor-content-no\" data-id=\"429ecf4\" data-element_type=\"section\">\n\t\t\t\t\t\t<div class=\"elementor-container elementor-column-gap-default\">\n\t\t\t\t\t<div class=\"elementor-column elementor-col-100 elementor-top-column elementor-element elementor-element-6715c35\" data-id=\"6715c35\" data-element_type=\"column\">\n\t\t\t<div class=\"elementor-widget-wrap elementor-element-populated\">\n\t\t\t\t\t\t<div class=\"elementor-element elementor-element-dada4be elementor-widget elementor-widget-text-editor\" data-id=\"dada4be\" data-element_type=\"widget\" data-widget_type=\"text-editor.default\">\n\t\t\t\t<div class=\"elementor-widget-container\">\n\t\t\t\t\t\t\t\t\t<p><span style=\"font-weight: 400;\">El <\/span><b>BCN Sports Film Festival 2025<\/b><span style=\"font-weight: 400;\"> ha estat l\u2019escenari de l\u2019<\/span><b>estrena mundial<\/b><span style=\"font-weight: 400;\"> del documental <\/span><i><span style=\"font-weight: 400;\">&#8220;Urtain, el \u00eddolo de barro&#8221;<\/span><\/i><span style=\"font-weight: 400;\">, una producci\u00f3 que explora la vida i la traject\u00f2ria de <\/span><b>Jos\u00e9 Manuel Ibar &#8220;Urtain&#8221;<\/b><span style=\"font-weight: 400;\">, el llegendari boxejador basc que va marcar una \u00e8poca en la hist\u00f2ria de l\u2019esport espanyol.<\/span><\/p>\n\t\t\t\t\t\t\t\t<\/div>\n\t\t\t\t<\/div>\n\t\t\t\t<div class=\"elementor-element elementor-element-927fac1 elementor-widget elementor-widget-text-editor\" data-id=\"927fac1\" data-element_type=\"widget\" data-widget_type=\"text-editor.default\">\n\t\t\t\t<div class=\"elementor-widget-container\">\n\t\t\t\t\t\t\t\t\t<h6><span style=\"color: #000000;\"><b>Una estrena en un marc incomparablE<\/b><\/span><\/h6>\n\t\t\t\t\t\t\t\t<\/div>\n\t\t\t\t<\/div>\n\t\t\t\t<div class=\"elementor-element elementor-element-d00440f elementor-widget elementor-widget-text-editor\" data-id=\"d00440f\" data-element_type=\"widget\" data-widget_type=\"text-editor.default\">\n\t\t\t\t<div class=\"elementor-widget-container\">\n\t\t\t\t\t\t\t\t\t<p><span style=\"font-weight: 400;\">La projecci\u00f3 ha tingut lloc en el marc de la sessi\u00f3 <\/span><b>&#8220;Hist\u00f2ries darrere del ring&#8221;<\/b><span style=\"font-weight: 400;\">, celebrada el <\/span><b>dimarts 18 de febrer a les 20h als Cinemes Girona<\/b><span style=\"font-weight: 400;\">. Aquesta sessi\u00f3 ha ofert una mirada \u00fanica a l\u2019univers de la boxa i la seva influ\u00e8ncia en diferents contextos socials i hist\u00f2rics.<\/span><\/p>\n\t\t\t\t\t\t\t\t<\/div>\n\t\t\t\t<\/div>\n\t\t\t\t<div class=\"elementor-element elementor-element-bf52f59 elementor-widget elementor-widget-text-editor\" data-id=\"bf52f59\" data-element_type=\"widget\" data-widget_type=\"text-editor.default\">\n\t\t\t\t<div class=\"elementor-widget-container\">\n\t\t\t\t\t\t\t\t\t<h6><span style=\"color: #000000;\"><b>&#8220;Urtain, el \u00eddolo de barro&#8221;: una hist\u00f2ria de gl\u00f2ria i trag\u00e8dia<\/b><\/span><\/h6>\n\t\t\t\t\t\t\t\t<\/div>\n\t\t\t\t<\/div>\n\t\t\t\t<div class=\"elementor-element elementor-element-1ef6a63 elementor-widget elementor-widget-text-editor\" data-id=\"1ef6a63\" data-element_type=\"widget\" data-widget_type=\"text-editor.default\">\n\t\t\t\t<div class=\"elementor-widget-container\">\n\t\t\t\t\t\t\t\t\t<p><span style=\"font-weight: 400;\">El documental retrata la mete\u00f2rica ascensi\u00f3 d\u2019Urtain des de l\u2019aixecament de pedres tradicional fins a convertir-se en campi\u00f3 d\u2019Europa de boxa en plena dictadura franquista. Amb un relat profund i emotiu, la pel\u00b7l\u00edcula exposa no nom\u00e9s la seva llegenda dins del ring, sin\u00f3 tamb\u00e9 les ombres de la seva vida personal i el paper dels mitjans de comunicaci\u00f3 en la seva construcci\u00f3 com a \u00eddol.<\/span><\/p>\n\t\t\t\t\t\t\t\t<\/div>\n\t\t\t\t<\/div>\n\t\t\t\t<div class=\"elementor-element elementor-element-2b773a3 elementor-widget elementor-widget-text-editor\" data-id=\"2b773a3\" data-element_type=\"widget\" data-widget_type=\"text-editor.default\">\n\t\t\t\t<div class=\"elementor-widget-container\">\n\t\t\t\t\t\t\t\t\t<h6><span style=\"color: #000000;\"><b>Col\u00b7loqui amb l\u2019equip de producci\u00f3 i direcci\u00f3<\/b><\/span><\/h6>\n\t\t\t\t\t\t\t\t<\/div>\n\t\t\t\t<\/div>\n\t\t\t\t<div class=\"elementor-element elementor-element-d434e20 elementor-widget elementor-widget-text-editor\" data-id=\"d434e20\" data-element_type=\"widget\" data-widget_type=\"text-editor.default\">\n\t\t\t\t<div class=\"elementor-widget-container\">\n\t\t\t\t\t\t\t\t\t<p><span style=\"font-weight: 400;\">Despr\u00e9s de la projecci\u00f3, els assistents han pogut gaudir d\u2019un enriquidor <\/span><b>col\u00b7loqui amb l\u2019equip de producci\u00f3 i direcci\u00f3<\/b><span style=\"font-weight: 400;\">del documental. Hi han participat <\/span><b>Xavier Baig i Jordi Rovira<\/b><span style=\"font-weight: 400;\">, directors de <\/span><i><span style=\"font-weight: 400;\">Urtain, el \u00eddolo de barro<\/span><\/i><span style=\"font-weight: 400;\">, i <\/span><b>\u00d2scar Moreno<\/b><span style=\"font-weight: 400;\">, guionista i productor de la producci\u00f3.<\/span><\/p>\n<p>&nbsp;<\/p>\n<p><span style=\"font-weight: 400;\">Els creadors han compartit amb el p\u00fablic el proc\u00e9s de recerca i desenvolupament d\u2019aquest projecte, aix\u00ed com els desafiaments a l\u2019hora de reconstruir la hist\u00f2ria d\u2019un personatge tan emblem\u00e0tic i complex com Urtain.<\/span><\/p>\n\t\t\t\t\t\t\t\t<\/div>\n\t\t\t\t<\/div>\n\t\t\t\t<div class=\"elementor-element elementor-element-41aa8f2 elementor-widget elementor-widget-text-editor\" data-id=\"41aa8f2\" data-element_type=\"widget\" data-widget_type=\"text-editor.default\">\n\t\t\t\t<div class=\"elementor-widget-container\">\n\t\t\t\t\t\t\t\t\t<h6><span style=\"color: #000000;\"><b>Gran acollida per part del p\u00fablic<\/b><\/span><\/h6>\n\t\t\t\t\t\t\t\t<\/div>\n\t\t\t\t<\/div>\n\t\t\t\t<div class=\"elementor-element elementor-element-9017d1b elementor-widget elementor-widget-text-editor\" data-id=\"9017d1b\" data-element_type=\"widget\" data-widget_type=\"text-editor.default\">\n\t\t\t\t<div class=\"elementor-widget-container\">\n\t\t\t\t\t\t\t\t\t<p><span style=\"font-weight: 400;\">La seva <\/span><i><span style=\"font-weight: 400;\">premi\u00e8re<\/span><\/i><span style=\"font-weight: 400;\"> mundial ha generat una gran expectaci\u00f3 entre els assistents, que han destacat l\u2019impacte emocional de la hist\u00f2ria i la qualitat narrativa de la producci\u00f3. Aquesta primera projecci\u00f3 ha suposat un moment clau en el festival, consolidant el BCN Sports Film com una plataforma per a estrenes de gran valor cinematogr\u00e0fic i esportiu.<\/span><\/p>\n\t\t\t\t\t\t\t\t<\/div>\n\t\t\t\t<\/div>\n\t\t\t\t<div class=\"elementor-element elementor-element-8f18a91 elementor-widget elementor-widget-text-editor\" data-id=\"8f18a91\" data-element_type=\"widget\" data-widget_type=\"text-editor.default\">\n\t\t\t\t<div class=\"elementor-widget-container\">\n\t\t\t\t\t\t\t\t\t<h6><span style=\"color: #000000;\"><b>Segueix gaudint del BCN Sports Film Festival 2025<\/b><\/span><\/h6>\n\t\t\t\t\t\t\t\t<\/div>\n\t\t\t\t<\/div>\n\t\t\t\t<div class=\"elementor-element elementor-element-731bacb elementor-widget elementor-widget-text-editor\" data-id=\"731bacb\" data-element_type=\"widget\" data-widget_type=\"text-editor.default\">\n\t\t\t\t<div class=\"elementor-widget-container\">\n\t\t\t\t\t\t\t\t\t<p><span style=\"font-weight: 400;\">Encara queden moltes m\u00e9s sessions per descobrir! Consulta la programaci\u00f3 completa i reserva la teva entrada gratu\u00efta a\u00a0 <\/span><a href=\"https:\/\/bcnsportsfilm.org\/ca\/\"><span style=\"font-weight: 400;\">www.bcnsportsfilm.org<\/span><\/a><\/p>\n\t\t\t\t\t\t\t\t<\/div>\n\t\t\t\t<\/div>\n\t\t\t\t<div class=\"elementor-element elementor-element-e109a2e elementor-widget elementor-widget-image\" data-id=\"e109a2e\" data-element_type=\"widget\" data-widget_type=\"image.default\">\n\t\t\t\t<div class=\"elementor-widget-container\">\n\t\t\t\t\t\t\t\t\t\t\t\t\t\t\t<img fetchpriority=\"high\" decoding=\"async\" width=\"225\" height=\"300\" src=\"https:\/\/bcnsportsfilm.org\/wp-content\/uploads\/2025\/02\/da759675-5463-47f6-9cf2-3ade538ff130-225x300.jpg\" class=\"attachment-medium size-medium wp-image-44357\" alt=\"\" \/>\t\t\t\t\t\t\t\t\t\t\t\t\t\t\t<\/div>\n\t\t\t\t<\/div>\n\t\t\t\t\t<\/div>\n\t\t<\/div>\n\t\t\t\t\t<\/div>\n\t\t<\/section>\n\t\t\t\t<\/div>\n\t\t","protected":false},"excerpt":{"rendered":"<p>El BCN Sports Film Festival 2025 ha estat l\u2019escenari de l\u2019estrena mundial del documental &#8220;Urtain, el \u00eddolo de barro&#8221;, una producci\u00f3 que explora la vida i la traject\u00f2ria de Jos\u00e9 Manuel Ibar &#8220;Urtain&#8221;, el llegendari boxejador basc que va marcar una \u00e8poca en la hist\u00f2ria de l\u2019esport espanyol. Una estrena en un marc incomparablE La [&hellip;]<\/p>\n","protected":false},"author":18,"featured_media":44351,"comment_status":"closed","ping_status":"closed","sticky":false,"template":"","format":"standard","meta":{"_acf_changed":false,"footnotes":""},"categories":[51],"tags":[1092,57,71,977,1173,1011,64,52],"class_list":["post-44364","post","type-post","status-publish","format-standard","has-post-thumbnail","hentry","category-festival-ca","tag-15th-edition-ca","tag-bcn-sports-film","tag-bcnsportsfilm","tag-cinema-ca","tag-edicio-2025-ca-2","tag-esport-ca","tag-esport","tag-festival"],"acf":[],"yoast_head":"<!-- This site is optimized with the Yoast SEO plugin v24.1 - https:\/\/yoast.com\/wordpress\/plugins\/seo\/ -->\n<title>&quot;Urtain, el \u00eddolo de barro&quot; celebra la seva premi\u00e8re mundial al BCN Sports Film Festival 2025 - BCN SPORTS FILM 2027<\/title>\n<meta name=\"robots\" content=\"index, follow, max-snippet:-1, max-image-preview:large, max-video-preview:-1\" \/>\n<link rel=\"canonical\" href=\"https:\/\/bcnsportsfilm.org\/ca\/urtain-el-idolo-de-barro-celebra-la-seva-premiere-mundial-al-bcn-sports-film-festival-2025\/\" \/>\n<meta property=\"og:locale\" content=\"ca_ES\" \/>\n<meta property=\"og:type\" content=\"article\" \/>\n<meta property=\"og:title\" content=\"&quot;Urtain, el \u00eddolo de barro&quot; celebra la seva premi\u00e8re mundial al BCN Sports Film Festival 2025 - BCN SPORTS FILM 2027\" \/>\n<meta property=\"og:description\" content=\"El BCN Sports Film Festival 2025 ha estat l\u2019escenari de l\u2019estrena mundial del documental &#8220;Urtain, el \u00eddolo de barro&#8221;, una producci\u00f3 que explora la vida i la traject\u00f2ria de Jos\u00e9 Manuel Ibar &#8220;Urtain&#8221;, el llegendari boxejador basc que va marcar una \u00e8poca en la hist\u00f2ria de l\u2019esport espanyol. Una estrena en un marc incomparablE La [&hellip;]\" \/>\n<meta property=\"og:url\" content=\"https:\/\/bcnsportsfilm.org\/ca\/urtain-el-idolo-de-barro-celebra-la-seva-premiere-mundial-al-bcn-sports-film-festival-2025\/\" \/>\n<meta property=\"og:site_name\" content=\"BCN SPORTS FILM 2027\" \/>\n<meta property=\"article:publisher\" content=\"https:\/\/www.facebook.com\/bcnsportsfilm\" \/>\n<meta property=\"article:published_time\" content=\"2025-02-19T09:16:47+00:00\" \/>\n<meta property=\"article:modified_time\" content=\"2025-02-19T09:17:20+00:00\" \/>\n<meta property=\"og:image\" content=\"https:\/\/bcnsportsfilm.org\/wp-content\/uploads\/2025\/02\/Urtain-the-idol-made-of-clay-horizontal-3-1.jpg\" \/>\n\t<meta property=\"og:image:width\" content=\"1920\" \/>\n\t<meta property=\"og:image:height\" content=\"1080\" \/>\n\t<meta property=\"og:image:type\" content=\"image\/jpeg\" \/>\n<meta name=\"author\" content=\"adminbcnsportsfilm\" \/>\n<meta name=\"twitter:card\" content=\"summary_large_image\" \/>\n<meta name=\"twitter:creator\" content=\"@bcnsportsfilm\" \/>\n<meta name=\"twitter:site\" content=\"@bcnsportsfilm\" \/>\n<meta name=\"twitter:label1\" content=\"Escrit per\" \/>\n\t<meta name=\"twitter:data1\" content=\"adminbcnsportsfilm\" \/>\n\t<meta name=\"twitter:label2\" content=\"Temps estimat de lectura\" \/>\n\t<meta name=\"twitter:data2\" content=\"3 minuts\" \/>\n<script type=\"application\/ld+json\" class=\"yoast-schema-graph\">{\"@context\":\"https:\/\/schema.org\",\"@graph\":[{\"@type\":\"Article\",\"@id\":\"https:\/\/bcnsportsfilm.org\/ca\/urtain-el-idolo-de-barro-celebra-la-seva-premiere-mundial-al-bcn-sports-film-festival-2025\/#article\",\"isPartOf\":{\"@id\":\"https:\/\/bcnsportsfilm.org\/ca\/urtain-el-idolo-de-barro-celebra-la-seva-premiere-mundial-al-bcn-sports-film-festival-2025\/\"},\"author\":{\"name\":\"adminbcnsportsfilm\",\"@id\":\"https:\/\/bcnsportsfilm.org\/#\/schema\/person\/82c3d6f7cae6decbce5ad0631c14ff06\"},\"headline\":\"&#8220;Urtain, el \u00eddolo de barro&#8221; celebra la seva premi\u00e8re mundial al BCN Sports Film Festival 2025\",\"datePublished\":\"2025-02-19T09:16:47+00:00\",\"dateModified\":\"2025-02-19T09:17:20+00:00\",\"mainEntityOfPage\":{\"@id\":\"https:\/\/bcnsportsfilm.org\/ca\/urtain-el-idolo-de-barro-celebra-la-seva-premiere-mundial-al-bcn-sports-film-festival-2025\/\"},\"wordCount\":406,\"publisher\":{\"@id\":\"https:\/\/bcnsportsfilm.org\/#organization\"},\"image\":{\"@id\":\"https:\/\/bcnsportsfilm.org\/ca\/urtain-el-idolo-de-barro-celebra-la-seva-premiere-mundial-al-bcn-sports-film-festival-2025\/#primaryimage\"},\"thumbnailUrl\":\"https:\/\/bcnsportsfilm.org\/wp-content\/uploads\/2025\/02\/Urtain-the-idol-made-of-clay-horizontal-3-1.jpg\",\"keywords\":[\"15th edition\",\"BCN Sports Film\",\"BCNSportsFilm\",\"Cinema\",\"edicio 2025\",\"Esport\",\"Esport\",\"festival\"],\"articleSection\":[\"Festival\"],\"inLanguage\":\"ca\"},{\"@type\":\"WebPage\",\"@id\":\"https:\/\/bcnsportsfilm.org\/ca\/urtain-el-idolo-de-barro-celebra-la-seva-premiere-mundial-al-bcn-sports-film-festival-2025\/\",\"url\":\"https:\/\/bcnsportsfilm.org\/ca\/urtain-el-idolo-de-barro-celebra-la-seva-premiere-mundial-al-bcn-sports-film-festival-2025\/\",\"name\":\"\\\"Urtain, el \u00eddolo de barro\\\" celebra la seva premi\u00e8re mundial al BCN Sports Film Festival 2025 - BCN SPORTS FILM 2027\",\"isPartOf\":{\"@id\":\"https:\/\/bcnsportsfilm.org\/#website\"},\"primaryImageOfPage\":{\"@id\":\"https:\/\/bcnsportsfilm.org\/ca\/urtain-el-idolo-de-barro-celebra-la-seva-premiere-mundial-al-bcn-sports-film-festival-2025\/#primaryimage\"},\"image\":{\"@id\":\"https:\/\/bcnsportsfilm.org\/ca\/urtain-el-idolo-de-barro-celebra-la-seva-premiere-mundial-al-bcn-sports-film-festival-2025\/#primaryimage\"},\"thumbnailUrl\":\"https:\/\/bcnsportsfilm.org\/wp-content\/uploads\/2025\/02\/Urtain-the-idol-made-of-clay-horizontal-3-1.jpg\",\"datePublished\":\"2025-02-19T09:16:47+00:00\",\"dateModified\":\"2025-02-19T09:17:20+00:00\",\"breadcrumb\":{\"@id\":\"https:\/\/bcnsportsfilm.org\/ca\/urtain-el-idolo-de-barro-celebra-la-seva-premiere-mundial-al-bcn-sports-film-festival-2025\/#breadcrumb\"},\"inLanguage\":\"ca\",\"potentialAction\":[{\"@type\":\"ReadAction\",\"target\":[\"https:\/\/bcnsportsfilm.org\/ca\/urtain-el-idolo-de-barro-celebra-la-seva-premiere-mundial-al-bcn-sports-film-festival-2025\/\"]}]},{\"@type\":\"ImageObject\",\"inLanguage\":\"ca\",\"@id\":\"https:\/\/bcnsportsfilm.org\/ca\/urtain-el-idolo-de-barro-celebra-la-seva-premiere-mundial-al-bcn-sports-film-festival-2025\/#primaryimage\",\"url\":\"https:\/\/bcnsportsfilm.org\/wp-content\/uploads\/2025\/02\/Urtain-the-idol-made-of-clay-horizontal-3-1.jpg\",\"contentUrl\":\"https:\/\/bcnsportsfilm.org\/wp-content\/uploads\/2025\/02\/Urtain-the-idol-made-of-clay-horizontal-3-1.jpg\",\"width\":1920,\"height\":1080},{\"@type\":\"BreadcrumbList\",\"@id\":\"https:\/\/bcnsportsfilm.org\/ca\/urtain-el-idolo-de-barro-celebra-la-seva-premiere-mundial-al-bcn-sports-film-festival-2025\/#breadcrumb\",\"itemListElement\":[{\"@type\":\"ListItem\",\"position\":1,\"name\":\"Portada\",\"item\":\"https:\/\/bcnsportsfilm.org\/ca\/\"},{\"@type\":\"ListItem\",\"position\":2,\"name\":\"&#8220;Urtain, el \u00eddolo de barro&#8221; celebra la seva premi\u00e8re mundial al BCN Sports Film Festival 2025\"}]},{\"@type\":\"WebSite\",\"@id\":\"https:\/\/bcnsportsfilm.org\/#website\",\"url\":\"https:\/\/bcnsportsfilm.org\/\",\"name\":\"Site title\",\"description\":\"Barcelona International Sports Film Festival\",\"publisher\":{\"@id\":\"https:\/\/bcnsportsfilm.org\/#organization\"},\"potentialAction\":[{\"@type\":\"SearchAction\",\"target\":{\"@type\":\"EntryPoint\",\"urlTemplate\":\"https:\/\/bcnsportsfilm.org\/?s={search_term_string}\"},\"query-input\":{\"@type\":\"PropertyValueSpecification\",\"valueRequired\":true,\"valueName\":\"search_term_string\"}}],\"inLanguage\":\"ca\"},{\"@type\":\"Organization\",\"@id\":\"https:\/\/bcnsportsfilm.org\/#organization\",\"name\":\"Site title\",\"url\":\"https:\/\/bcnsportsfilm.org\/\",\"logo\":{\"@type\":\"ImageObject\",\"inLanguage\":\"ca\",\"@id\":\"https:\/\/bcnsportsfilm.org\/#\/schema\/logo\/image\/\",\"url\":\"https:\/\/bcnsportsfilm.org\/wp-content\/uploads\/2022\/12\/BCNSportsFilmFestival_logo.png\",\"contentUrl\":\"https:\/\/bcnsportsfilm.org\/wp-content\/uploads\/2022\/12\/BCNSportsFilmFestival_logo.png\",\"width\":131,\"height\":43,\"caption\":\"Site title\"},\"image\":{\"@id\":\"https:\/\/bcnsportsfilm.org\/#\/schema\/logo\/image\/\"},\"sameAs\":[\"https:\/\/www.facebook.com\/bcnsportsfilm\",\"https:\/\/x.com\/bcnsportsfilm\",\"https:\/\/www.instagram.com\/fundacio_barcelona_olimpica\/\",\"https:\/\/www.youtube.com\/@fundaciobarcelonaolimpica\",\"https:\/\/www.linkedin.com\/showcase\/bcn-sports-film-festival\/\"]},{\"@type\":\"Person\",\"@id\":\"https:\/\/bcnsportsfilm.org\/#\/schema\/person\/82c3d6f7cae6decbce5ad0631c14ff06\",\"name\":\"adminbcnsportsfilm\",\"image\":{\"@type\":\"ImageObject\",\"inLanguage\":\"ca\",\"@id\":\"https:\/\/bcnsportsfilm.org\/#\/schema\/person\/image\/\",\"url\":\"https:\/\/secure.gravatar.com\/avatar\/2e53f93cebaf9c2ccaa632da872e0e17?s=96&d=mm&r=g\",\"contentUrl\":\"https:\/\/secure.gravatar.com\/avatar\/2e53f93cebaf9c2ccaa632da872e0e17?s=96&d=mm&r=g\",\"caption\":\"adminbcnsportsfilm\"},\"url\":\"https:\/\/bcnsportsfilm.org\/ca\/author\/adminbcnsportsfilm\/\"}]}<\/script>\n<!-- \/ Yoast SEO plugin. -->","yoast_head_json":{"title":"\"Urtain, el \u00eddolo de barro\" celebra la seva premi\u00e8re mundial al BCN Sports Film Festival 2025 - BCN SPORTS FILM 2027","robots":{"index":"index","follow":"follow","max-snippet":"max-snippet:-1","max-image-preview":"max-image-preview:large","max-video-preview":"max-video-preview:-1"},"canonical":"https:\/\/bcnsportsfilm.org\/ca\/urtain-el-idolo-de-barro-celebra-la-seva-premiere-mundial-al-bcn-sports-film-festival-2025\/","og_locale":"ca_ES","og_type":"article","og_title":"\"Urtain, el \u00eddolo de barro\" celebra la seva premi\u00e8re mundial al BCN Sports Film Festival 2025 - BCN SPORTS FILM 2027","og_description":"El BCN Sports Film Festival 2025 ha estat l\u2019escenari de l\u2019estrena mundial del documental &#8220;Urtain, el \u00eddolo de barro&#8221;, una producci\u00f3 que explora la vida i la traject\u00f2ria de Jos\u00e9 Manuel Ibar &#8220;Urtain&#8221;, el llegendari boxejador basc que va marcar una \u00e8poca en la hist\u00f2ria de l\u2019esport espanyol. Una estrena en un marc incomparablE La [&hellip;]","og_url":"https:\/\/bcnsportsfilm.org\/ca\/urtain-el-idolo-de-barro-celebra-la-seva-premiere-mundial-al-bcn-sports-film-festival-2025\/","og_site_name":"BCN SPORTS FILM 2027","article_publisher":"https:\/\/www.facebook.com\/bcnsportsfilm","article_published_time":"2025-02-19T09:16:47+00:00","article_modified_time":"2025-02-19T09:17:20+00:00","og_image":[{"width":1920,"height":1080,"url":"https:\/\/bcnsportsfilm.org\/wp-content\/uploads\/2025\/02\/Urtain-the-idol-made-of-clay-horizontal-3-1.jpg","type":"image\/jpeg"}],"author":"adminbcnsportsfilm","twitter_card":"summary_large_image","twitter_creator":"@bcnsportsfilm","twitter_site":"@bcnsportsfilm","twitter_misc":{"Escrit per":"adminbcnsportsfilm","Temps estimat de lectura":"3 minuts"},"schema":{"@context":"https:\/\/schema.org","@graph":[{"@type":"Article","@id":"https:\/\/bcnsportsfilm.org\/ca\/urtain-el-idolo-de-barro-celebra-la-seva-premiere-mundial-al-bcn-sports-film-festival-2025\/#article","isPartOf":{"@id":"https:\/\/bcnsportsfilm.org\/ca\/urtain-el-idolo-de-barro-celebra-la-seva-premiere-mundial-al-bcn-sports-film-festival-2025\/"},"author":{"name":"adminbcnsportsfilm","@id":"https:\/\/bcnsportsfilm.org\/#\/schema\/person\/82c3d6f7cae6decbce5ad0631c14ff06"},"headline":"&#8220;Urtain, el \u00eddolo de barro&#8221; celebra la seva premi\u00e8re mundial al BCN Sports Film Festival 2025","datePublished":"2025-02-19T09:16:47+00:00","dateModified":"2025-02-19T09:17:20+00:00","mainEntityOfPage":{"@id":"https:\/\/bcnsportsfilm.org\/ca\/urtain-el-idolo-de-barro-celebra-la-seva-premiere-mundial-al-bcn-sports-film-festival-2025\/"},"wordCount":406,"publisher":{"@id":"https:\/\/bcnsportsfilm.org\/#organization"},"image":{"@id":"https:\/\/bcnsportsfilm.org\/ca\/urtain-el-idolo-de-barro-celebra-la-seva-premiere-mundial-al-bcn-sports-film-festival-2025\/#primaryimage"},"thumbnailUrl":"https:\/\/bcnsportsfilm.org\/wp-content\/uploads\/2025\/02\/Urtain-the-idol-made-of-clay-horizontal-3-1.jpg","keywords":["15th edition","BCN Sports Film","BCNSportsFilm","Cinema","edicio 2025","Esport","Esport","festival"],"articleSection":["Festival"],"inLanguage":"ca"},{"@type":"WebPage","@id":"https:\/\/bcnsportsfilm.org\/ca\/urtain-el-idolo-de-barro-celebra-la-seva-premiere-mundial-al-bcn-sports-film-festival-2025\/","url":"https:\/\/bcnsportsfilm.org\/ca\/urtain-el-idolo-de-barro-celebra-la-seva-premiere-mundial-al-bcn-sports-film-festival-2025\/","name":"\"Urtain, el \u00eddolo de barro\" celebra la seva premi\u00e8re mundial al BCN Sports Film Festival 2025 - BCN SPORTS FILM 2027","isPartOf":{"@id":"https:\/\/bcnsportsfilm.org\/#website"},"primaryImageOfPage":{"@id":"https:\/\/bcnsportsfilm.org\/ca\/urtain-el-idolo-de-barro-celebra-la-seva-premiere-mundial-al-bcn-sports-film-festival-2025\/#primaryimage"},"image":{"@id":"https:\/\/bcnsportsfilm.org\/ca\/urtain-el-idolo-de-barro-celebra-la-seva-premiere-mundial-al-bcn-sports-film-festival-2025\/#primaryimage"},"thumbnailUrl":"https:\/\/bcnsportsfilm.org\/wp-content\/uploads\/2025\/02\/Urtain-the-idol-made-of-clay-horizontal-3-1.jpg","datePublished":"2025-02-19T09:16:47+00:00","dateModified":"2025-02-19T09:17:20+00:00","breadcrumb":{"@id":"https:\/\/bcnsportsfilm.org\/ca\/urtain-el-idolo-de-barro-celebra-la-seva-premiere-mundial-al-bcn-sports-film-festival-2025\/#breadcrumb"},"inLanguage":"ca","potentialAction":[{"@type":"ReadAction","target":["https:\/\/bcnsportsfilm.org\/ca\/urtain-el-idolo-de-barro-celebra-la-seva-premiere-mundial-al-bcn-sports-film-festival-2025\/"]}]},{"@type":"ImageObject","inLanguage":"ca","@id":"https:\/\/bcnsportsfilm.org\/ca\/urtain-el-idolo-de-barro-celebra-la-seva-premiere-mundial-al-bcn-sports-film-festival-2025\/#primaryimage","url":"https:\/\/bcnsportsfilm.org\/wp-content\/uploads\/2025\/02\/Urtain-the-idol-made-of-clay-horizontal-3-1.jpg","contentUrl":"https:\/\/bcnsportsfilm.org\/wp-content\/uploads\/2025\/02\/Urtain-the-idol-made-of-clay-horizontal-3-1.jpg","width":1920,"height":1080},{"@type":"BreadcrumbList","@id":"https:\/\/bcnsportsfilm.org\/ca\/urtain-el-idolo-de-barro-celebra-la-seva-premiere-mundial-al-bcn-sports-film-festival-2025\/#breadcrumb","itemListElement":[{"@type":"ListItem","position":1,"name":"Portada","item":"https:\/\/bcnsportsfilm.org\/ca\/"},{"@type":"ListItem","position":2,"name":"&#8220;Urtain, el \u00eddolo de barro&#8221; celebra la seva premi\u00e8re mundial al BCN Sports Film Festival 2025"}]},{"@type":"WebSite","@id":"https:\/\/bcnsportsfilm.org\/#website","url":"https:\/\/bcnsportsfilm.org\/","name":"Site title","description":"Barcelona International Sports Film Festival","publisher":{"@id":"https:\/\/bcnsportsfilm.org\/#organization"},"potentialAction":[{"@type":"SearchAction","target":{"@type":"EntryPoint","urlTemplate":"https:\/\/bcnsportsfilm.org\/?s={search_term_string}"},"query-input":{"@type":"PropertyValueSpecification","valueRequired":true,"valueName":"search_term_string"}}],"inLanguage":"ca"},{"@type":"Organization","@id":"https:\/\/bcnsportsfilm.org\/#organization","name":"Site title","url":"https:\/\/bcnsportsfilm.org\/","logo":{"@type":"ImageObject","inLanguage":"ca","@id":"https:\/\/bcnsportsfilm.org\/#\/schema\/logo\/image\/","url":"https:\/\/bcnsportsfilm.org\/wp-content\/uploads\/2022\/12\/BCNSportsFilmFestival_logo.png","contentUrl":"https:\/\/bcnsportsfilm.org\/wp-content\/uploads\/2022\/12\/BCNSportsFilmFestival_logo.png","width":131,"height":43,"caption":"Site title"},"image":{"@id":"https:\/\/bcnsportsfilm.org\/#\/schema\/logo\/image\/"},"sameAs":["https:\/\/www.facebook.com\/bcnsportsfilm","https:\/\/x.com\/bcnsportsfilm","https:\/\/www.instagram.com\/fundacio_barcelona_olimpica\/","https:\/\/www.youtube.com\/@fundaciobarcelonaolimpica","https:\/\/www.linkedin.com\/showcase\/bcn-sports-film-festival\/"]},{"@type":"Person","@id":"https:\/\/bcnsportsfilm.org\/#\/schema\/person\/82c3d6f7cae6decbce5ad0631c14ff06","name":"adminbcnsportsfilm","image":{"@type":"ImageObject","inLanguage":"ca","@id":"https:\/\/bcnsportsfilm.org\/#\/schema\/person\/image\/","url":"https:\/\/secure.gravatar.com\/avatar\/2e53f93cebaf9c2ccaa632da872e0e17?s=96&d=mm&r=g","contentUrl":"https:\/\/secure.gravatar.com\/avatar\/2e53f93cebaf9c2ccaa632da872e0e17?s=96&d=mm&r=g","caption":"adminbcnsportsfilm"},"url":"https:\/\/bcnsportsfilm.org\/ca\/author\/adminbcnsportsfilm\/"}]}},"_links":{"self":[{"href":"https:\/\/bcnsportsfilm.org\/ca\/wp-json\/wp\/v2\/posts\/44364","targetHints":{"allow":["GET"]}}],"collection":[{"href":"https:\/\/bcnsportsfilm.org\/ca\/wp-json\/wp\/v2\/posts"}],"about":[{"href":"https:\/\/bcnsportsfilm.org\/ca\/wp-json\/wp\/v2\/types\/post"}],"author":[{"embeddable":true,"href":"https:\/\/bcnsportsfilm.org\/ca\/wp-json\/wp\/v2\/users\/18"}],"replies":[{"embeddable":true,"href":"https:\/\/bcnsportsfilm.org\/ca\/wp-json\/wp\/v2\/comments?post=44364"}],"version-history":[{"count":1,"href":"https:\/\/bcnsportsfilm.org\/ca\/wp-json\/wp\/v2\/posts\/44364\/revisions"}],"predecessor-version":[{"id":44365,"href":"https:\/\/bcnsportsfilm.org\/ca\/wp-json\/wp\/v2\/posts\/44364\/revisions\/44365"}],"wp:featuredmedia":[{"embeddable":true,"href":"https:\/\/bcnsportsfilm.org\/ca\/wp-json\/wp\/v2\/media\/44351"}],"wp:attachment":[{"href":"https:\/\/bcnsportsfilm.org\/ca\/wp-json\/wp\/v2\/media?parent=44364"}],"wp:term":[{"taxonomy":"category","embeddable":true,"href":"https:\/\/bcnsportsfilm.org\/ca\/wp-json\/wp\/v2\/categories?post=44364"},{"taxonomy":"post_tag","embeddable":true,"href":"https:\/\/bcnsportsfilm.org\/ca\/wp-json\/wp\/v2\/tags?post=44364"}],"curies":[{"name":"wp","href":"https:\/\/api.w.org\/{rel}","templated":true}]}}