{"id":45622,"date":"2025-02-25T18:51:37","date_gmt":"2025-02-25T16:51:37","guid":{"rendered":"https:\/\/bcnsportsfilm.org\/?p=45622"},"modified":"2025-03-25T11:45:06","modified_gmt":"2025-03-25T09:45:06","slug":"el-festival-es-tanca-amb-les-millors-produccions-al-teatre-merce-rodoreda-de-sant-joan-despi","status":"publish","type":"post","link":"https:\/\/bcnsportsfilm.org\/ca\/el-festival-es-tanca-amb-les-millors-produccions-al-teatre-merce-rodoreda-de-sant-joan-despi\/","title":{"rendered":"El festival es tanca amb les millors produccions al teatre Merc\u00e8 Rodoreda de Sant Joan Desp\u00ed"},"content":{"rendered":"\t\t<div data-elementor-type=\"wp-post\" data-elementor-id=\"45622\" class=\"elementor elementor-45622 elementor-45614\" data-elementor-post-type=\"post\">\n\t\t\t\t\t\t<section class=\"elementor-section elementor-top-section elementor-element elementor-element-a2bc38c elementor-section-boxed elementor-section-height-default elementor-section-height-default qodef-elementor-content-no\" data-id=\"a2bc38c\" data-element_type=\"section\">\n\t\t\t\t\t\t<div class=\"elementor-container elementor-column-gap-default\">\n\t\t\t\t\t<div class=\"elementor-column elementor-col-100 elementor-top-column elementor-element elementor-element-4ac718e\" data-id=\"4ac718e\" data-element_type=\"column\">\n\t\t\t<div class=\"elementor-widget-wrap elementor-element-populated\">\n\t\t\t\t\t\t<div class=\"elementor-element elementor-element-633fad6 elementor-widget elementor-widget-text-editor\" data-id=\"633fad6\" data-element_type=\"widget\" data-widget_type=\"text-editor.default\">\n\t\t\t\t<div class=\"elementor-widget-container\">\n\t\t\t\t\t\t\t\t\t<p><span style=\"color: #000000;\"><span style=\"font-weight: 400;\">El dimarts 25 de febrer, <\/span><b> ha posat punt final al BCN Sports Film 2025,una edici\u00f3 plena d\u2019emoci\u00f3, reflexi\u00f3 i hist\u00f2ries inspiradores, amb la pres\u00e8ncia destacada de Francesc Vives, Regidor d\u2019Esports de Sant Joan Desp\u00ed.<\/b><span style=\"font-weight: 400;\"> La jornada ha comptat amb dues sessions escolars especials, amb projeccions que han mostrat la dimensi\u00f3 m\u00e9s profunda de l\u2019esport i els desafiaments personals que afronten els seus protagonistes.<\/span><\/span><\/p>\n\t\t\t\t\t\t\t\t<\/div>\n\t\t\t\t<\/div>\n\t\t\t\t<div class=\"elementor-element elementor-element-ed5d175 elementor-widget elementor-widget-text-editor\" data-id=\"ed5d175\" data-element_type=\"widget\" data-widget_type=\"text-editor.default\">\n\t\t\t\t<div class=\"elementor-widget-container\">\n\t\t\t\t\t\t\t\t\t<h6><span style=\"color: #000000;\"><b>Projeccions matinals a l&#8217;INEFC: l\u2019altra cara de l&#8217;Esport<\/b><\/span><\/h6>\n\t\t\t\t\t\t\t\t<\/div>\n\t\t\t\t<\/div>\n\t\t\t\t<div class=\"elementor-element elementor-element-d74c520 elementor-widget elementor-widget-text-editor\" data-id=\"d74c520\" data-element_type=\"widget\" data-widget_type=\"text-editor.default\">\n\t\t\t\t<div class=\"elementor-widget-container\">\n\t\t\t\t\t\t\t\t\t<p><span style=\"font-weight: 400; color: #000000;\">A les 11 h, l&#8217;INEFC ha acollit una sessi\u00f3 especial amb quatre documentals que han posat en valor la lluita interna dels esportistes m\u00e9s enll\u00e0 dels resultats:<\/span><\/p>\n<ul>\n<li><span style=\"color: #000000;\"><b>&#8220;Deep into the forest&#8221;<\/b><\/span><\/li>\n<li><span style=\"color: #000000;\"><b>&#8220;Mental &#8211; The Kenyan School&#8221;<\/b><\/span><\/li>\n<li><span style=\"color: #000000;\"><b>&#8220;Soy Futbolista \/ I am footballer&#8221;<\/b><\/span><\/li>\n<li><span style=\"color: #000000;\"><b>&#8220;Ni lobos ni corderos \/ No wolves no lambs&#8221;<\/b><\/span><\/li>\n<\/ul>\n<p><span style=\"font-weight: 400; color: #000000;\">Aquestes produccions han aprofundit en la pressi\u00f3 psicol\u00f2gica, les relacions familiars i el proc\u00e9s de creixement personal dins del m\u00f3n de l\u2019esport.<\/span><\/p>\n\t\t\t\t\t\t\t\t<\/div>\n\t\t\t\t<\/div>\n\t\t\t\t<div class=\"elementor-element elementor-element-4d2a56d elementor-widget elementor-widget-text-editor\" data-id=\"4d2a56d\" data-element_type=\"widget\" data-widget_type=\"text-editor.default\">\n\t\t\t\t<div class=\"elementor-widget-container\">\n\t\t\t\t\t\t\t\t\t<h6><span style=\"color: #000000;\"><b>Gala final al Teatre Merc\u00e8 Rodoreda<\/b><\/span><\/h6>\n\t\t\t\t\t\t\t\t<\/div>\n\t\t\t\t<\/div>\n\t\t\t\t<div class=\"elementor-element elementor-element-1d2fa4a elementor-widget elementor-widget-text-editor\" data-id=\"1d2fa4a\" data-element_type=\"widget\" data-widget_type=\"text-editor.default\">\n\t\t\t\t<div class=\"elementor-widget-container\">\n\t\t\t\t\t\t\t\t\t<p><span style=\"color: #000000;\"><span style=\"font-weight: 400;\">A les 19 h, el <\/span><b>Teatre Merc\u00e8 Rodoreda de Sant Joan Desp\u00ed<\/b><span style=\"font-weight: 400;\"> ha acollit la selecci\u00f3 de les produccions guanyadores del festival, en un acte que ha posat en valor la diversitat de narratives dins del m\u00f3n de l\u2019esport.<\/span><\/span><\/p>\n<p><span style=\"font-weight: 400; color: #000000;\">Les produccions premiades han estat:<\/span><\/p>\n<ul>\n<li><span style=\"color: #000000;\"><b>&#8220;Motorcycle Mary&#8221;<\/b><\/span><\/li>\n<li><span style=\"color: #000000;\"><b>&#8220;Just kids&#8221;<\/b><\/span><\/li>\n<li><span style=\"color: #000000;\"><b>&#8220;The Skates&#8221;<\/b><\/span><\/li>\n<li><span style=\"color: #000000;\"><b>&#8220;In-between&#8221;<\/b><\/span><\/li>\n<li><span style=\"color: #000000;\"><b>&#8220;Girls Move Mountains&#8221;<\/b><\/span><\/li>\n<li><span style=\"color: #000000;\"><b>&#8220;Always + Positive \/ Siempre + Positivo&#8221;<\/b><\/span><\/li>\n<li><span style=\"color: #000000;\"><b>&#8220;Aerialist \/ \u0413\u0418\u041c\u041d\u0410\u0421\u0422\u041a\u0410&#8221;<\/b><\/span><\/li>\n<li><span style=\"color: #000000;\"><b>&#8220;Urtain, el \u00eddolo de barro&#8221;<\/b><\/span><\/li>\n<\/ul>\n<p><span style=\"font-weight: 400; color: #000000;\">Aquestes hist\u00f2ries han emocionat el p\u00fablic, mostrant la superaci\u00f3, la passi\u00f3 i els reptes personals que afronten els esportistes d\u2019arreu del m\u00f3n.<\/span><\/p>\n\t\t\t\t\t\t\t\t<\/div>\n\t\t\t\t<\/div>\n\t\t\t\t<div class=\"elementor-element elementor-element-d0913fa elementor-widget elementor-widget-text-editor\" data-id=\"d0913fa\" data-element_type=\"widget\" data-widget_type=\"text-editor.default\">\n\t\t\t\t<div class=\"elementor-widget-container\">\n\t\t\t\t\t\t\t\t\t<h6><span style=\"color: #000000;\"><b>Un tancament de festival memorable<\/b><\/span><\/h6>\n\t\t\t\t\t\t\t\t<\/div>\n\t\t\t\t<\/div>\n\t\t\t\t<div class=\"elementor-element elementor-element-6b279c2 elementor-widget elementor-widget-text-editor\" data-id=\"6b279c2\" data-element_type=\"widget\" data-widget_type=\"text-editor.default\">\n\t\t\t\t<div class=\"elementor-widget-container\">\n\t\t\t\t\t\t\t\t\t<p><span style=\"color: #000000;\"><span style=\"font-weight: 400;\">Amb aquesta \u00faltima jornada, <\/span><b>&#8220;And the winner are&#8230;&#8221; tanca una edici\u00f3 plena d\u2019hist\u00f2ries que van m\u00e9s enll\u00e0 de la competici\u00f3, refor\u00e7ant la seva aposta per l\u2019esport com a motor de canvi personal i social.<\/b><span style=\"font-weight: 400;\"> La pres\u00e8ncia de Francesc Vives ha posat en valor la import\u00e0ncia d\u2019iniciatives com aquesta, que connecten l\u2019audiovisual i l\u2019esport com a eines de reflexi\u00f3 i inspiraci\u00f3.<\/span><\/span><\/p>\n\t\t\t\t\t\t\t\t<\/div>\n\t\t\t\t<\/div>\n\t\t\t\t\t<\/div>\n\t\t<\/div>\n\t\t\t\t\t<\/div>\n\t\t<\/section>\n\t\t\t\t<\/div>\n\t\t","protected":false},"excerpt":{"rendered":"<p>El dimarts 25 de febrer, ha posat punt final al BCN Sports Film 2025,una edici\u00f3 plena d\u2019emoci\u00f3, reflexi\u00f3 i hist\u00f2ries inspiradores, amb la pres\u00e8ncia destacada de Francesc Vives, Regidor d\u2019Esports de Sant Joan Desp\u00ed. La jornada ha comptat amb dues sessions escolars especials, amb projeccions que han mostrat la dimensi\u00f3 m\u00e9s profunda de l\u2019esport i [&hellip;]<\/p>\n","protected":false},"author":18,"featured_media":45661,"comment_status":"closed","ping_status":"closed","sticky":false,"template":"","format":"standard","meta":{"_acf_changed":false,"footnotes":""},"categories":[51,54],"tags":[],"class_list":["post-45622","post","type-post","status-publish","format-standard","has-post-thumbnail","hentry","category-festival-ca","category-sales-de-projeccio"],"acf":[],"yoast_head":"<!-- This site is optimized with the Yoast SEO plugin v24.1 - https:\/\/yoast.com\/wordpress\/plugins\/seo\/ -->\n<title>El festival es tanca amb les millors produccions al teatre Merc\u00e8 Rodoreda de Sant Joan Desp\u00ed - BCN SPORTS FILM 2027<\/title>\n<meta name=\"robots\" content=\"index, follow, max-snippet:-1, max-image-preview:large, max-video-preview:-1\" \/>\n<link rel=\"canonical\" href=\"https:\/\/bcnsportsfilm.org\/ca\/el-festival-es-tanca-amb-les-millors-produccions-al-teatre-merce-rodoreda-de-sant-joan-despi\/\" \/>\n<meta property=\"og:locale\" content=\"ca_ES\" \/>\n<meta property=\"og:type\" content=\"article\" \/>\n<meta property=\"og:title\" content=\"El festival es tanca amb les millors produccions al teatre Merc\u00e8 Rodoreda de Sant Joan Desp\u00ed - BCN SPORTS FILM 2027\" \/>\n<meta property=\"og:description\" content=\"El dimarts 25 de febrer, ha posat punt final al BCN Sports Film 2025,una edici\u00f3 plena d\u2019emoci\u00f3, reflexi\u00f3 i hist\u00f2ries inspiradores, amb la pres\u00e8ncia destacada de Francesc Vives, Regidor d\u2019Esports de Sant Joan Desp\u00ed. La jornada ha comptat amb dues sessions escolars especials, amb projeccions que han mostrat la dimensi\u00f3 m\u00e9s profunda de l\u2019esport i [&hellip;]\" \/>\n<meta property=\"og:url\" content=\"https:\/\/bcnsportsfilm.org\/ca\/el-festival-es-tanca-amb-les-millors-produccions-al-teatre-merce-rodoreda-de-sant-joan-despi\/\" \/>\n<meta property=\"og:site_name\" content=\"BCN SPORTS FILM 2027\" \/>\n<meta property=\"article:publisher\" content=\"https:\/\/www.facebook.com\/bcnsportsfilm\" \/>\n<meta property=\"article:published_time\" content=\"2025-02-25T16:51:37+00:00\" \/>\n<meta property=\"article:modified_time\" content=\"2025-03-25T09:45:06+00:00\" \/>\n<meta property=\"og:image\" content=\"https:\/\/bcnsportsfilm.org\/wp-content\/uploads\/2025\/02\/WhatsApp-Image-2025-02-25-at-11.46.50.jpeg\" \/>\n\t<meta property=\"og:image:width\" content=\"1536\" \/>\n\t<meta property=\"og:image:height\" content=\"2048\" \/>\n\t<meta property=\"og:image:type\" content=\"image\/jpeg\" \/>\n<meta name=\"author\" content=\"adminbcnsportsfilm\" \/>\n<meta name=\"twitter:card\" content=\"summary_large_image\" \/>\n<meta name=\"twitter:creator\" content=\"@bcnsportsfilm\" \/>\n<meta name=\"twitter:site\" content=\"@bcnsportsfilm\" \/>\n<meta name=\"twitter:label1\" content=\"Escrit per\" \/>\n\t<meta name=\"twitter:data1\" content=\"adminbcnsportsfilm\" \/>\n\t<meta name=\"twitter:label2\" content=\"Temps estimat de lectura\" \/>\n\t<meta name=\"twitter:data2\" content=\"2 minuts\" \/>\n<script type=\"application\/ld+json\" class=\"yoast-schema-graph\">{\"@context\":\"https:\/\/schema.org\",\"@graph\":[{\"@type\":\"Article\",\"@id\":\"https:\/\/bcnsportsfilm.org\/ca\/el-festival-es-tanca-amb-les-millors-produccions-al-teatre-merce-rodoreda-de-sant-joan-despi\/#article\",\"isPartOf\":{\"@id\":\"https:\/\/bcnsportsfilm.org\/ca\/el-festival-es-tanca-amb-les-millors-produccions-al-teatre-merce-rodoreda-de-sant-joan-despi\/\"},\"author\":{\"name\":\"adminbcnsportsfilm\",\"@id\":\"https:\/\/bcnsportsfilm.org\/#\/schema\/person\/82c3d6f7cae6decbce5ad0631c14ff06\"},\"headline\":\"El festival es tanca amb les millors produccions al teatre Merc\u00e8 Rodoreda de Sant Joan Desp\u00ed\",\"datePublished\":\"2025-02-25T16:51:37+00:00\",\"dateModified\":\"2025-03-25T09:45:06+00:00\",\"mainEntityOfPage\":{\"@id\":\"https:\/\/bcnsportsfilm.org\/ca\/el-festival-es-tanca-amb-les-millors-produccions-al-teatre-merce-rodoreda-de-sant-joan-despi\/\"},\"wordCount\":341,\"publisher\":{\"@id\":\"https:\/\/bcnsportsfilm.org\/#organization\"},\"image\":{\"@id\":\"https:\/\/bcnsportsfilm.org\/ca\/el-festival-es-tanca-amb-les-millors-produccions-al-teatre-merce-rodoreda-de-sant-joan-despi\/#primaryimage\"},\"thumbnailUrl\":\"https:\/\/bcnsportsfilm.org\/wp-content\/uploads\/2025\/02\/WhatsApp-Image-2025-02-25-at-11.46.50.jpeg\",\"articleSection\":[\"Festival\",\"Sales de projecci\u00f3\"],\"inLanguage\":\"ca\"},{\"@type\":\"WebPage\",\"@id\":\"https:\/\/bcnsportsfilm.org\/ca\/el-festival-es-tanca-amb-les-millors-produccions-al-teatre-merce-rodoreda-de-sant-joan-despi\/\",\"url\":\"https:\/\/bcnsportsfilm.org\/ca\/el-festival-es-tanca-amb-les-millors-produccions-al-teatre-merce-rodoreda-de-sant-joan-despi\/\",\"name\":\"El festival es tanca amb les millors produccions al teatre Merc\u00e8 Rodoreda de Sant Joan Desp\u00ed - BCN SPORTS FILM 2027\",\"isPartOf\":{\"@id\":\"https:\/\/bcnsportsfilm.org\/#website\"},\"primaryImageOfPage\":{\"@id\":\"https:\/\/bcnsportsfilm.org\/ca\/el-festival-es-tanca-amb-les-millors-produccions-al-teatre-merce-rodoreda-de-sant-joan-despi\/#primaryimage\"},\"image\":{\"@id\":\"https:\/\/bcnsportsfilm.org\/ca\/el-festival-es-tanca-amb-les-millors-produccions-al-teatre-merce-rodoreda-de-sant-joan-despi\/#primaryimage\"},\"thumbnailUrl\":\"https:\/\/bcnsportsfilm.org\/wp-content\/uploads\/2025\/02\/WhatsApp-Image-2025-02-25-at-11.46.50.jpeg\",\"datePublished\":\"2025-02-25T16:51:37+00:00\",\"dateModified\":\"2025-03-25T09:45:06+00:00\",\"breadcrumb\":{\"@id\":\"https:\/\/bcnsportsfilm.org\/ca\/el-festival-es-tanca-amb-les-millors-produccions-al-teatre-merce-rodoreda-de-sant-joan-despi\/#breadcrumb\"},\"inLanguage\":\"ca\",\"potentialAction\":[{\"@type\":\"ReadAction\",\"target\":[\"https:\/\/bcnsportsfilm.org\/ca\/el-festival-es-tanca-amb-les-millors-produccions-al-teatre-merce-rodoreda-de-sant-joan-despi\/\"]}]},{\"@type\":\"ImageObject\",\"inLanguage\":\"ca\",\"@id\":\"https:\/\/bcnsportsfilm.org\/ca\/el-festival-es-tanca-amb-les-millors-produccions-al-teatre-merce-rodoreda-de-sant-joan-despi\/#primaryimage\",\"url\":\"https:\/\/bcnsportsfilm.org\/wp-content\/uploads\/2025\/02\/WhatsApp-Image-2025-02-25-at-11.46.50.jpeg\",\"contentUrl\":\"https:\/\/bcnsportsfilm.org\/wp-content\/uploads\/2025\/02\/WhatsApp-Image-2025-02-25-at-11.46.50.jpeg\",\"width\":1536,\"height\":2048},{\"@type\":\"BreadcrumbList\",\"@id\":\"https:\/\/bcnsportsfilm.org\/ca\/el-festival-es-tanca-amb-les-millors-produccions-al-teatre-merce-rodoreda-de-sant-joan-despi\/#breadcrumb\",\"itemListElement\":[{\"@type\":\"ListItem\",\"position\":1,\"name\":\"Portada\",\"item\":\"https:\/\/bcnsportsfilm.org\/ca\/\"},{\"@type\":\"ListItem\",\"position\":2,\"name\":\"El festival es tanca amb les millors produccions al teatre Merc\u00e8 Rodoreda de Sant Joan Desp\u00ed\"}]},{\"@type\":\"WebSite\",\"@id\":\"https:\/\/bcnsportsfilm.org\/#website\",\"url\":\"https:\/\/bcnsportsfilm.org\/\",\"name\":\"Site title\",\"description\":\"Barcelona International Sports Film Festival\",\"publisher\":{\"@id\":\"https:\/\/bcnsportsfilm.org\/#organization\"},\"potentialAction\":[{\"@type\":\"SearchAction\",\"target\":{\"@type\":\"EntryPoint\",\"urlTemplate\":\"https:\/\/bcnsportsfilm.org\/?s={search_term_string}\"},\"query-input\":{\"@type\":\"PropertyValueSpecification\",\"valueRequired\":true,\"valueName\":\"search_term_string\"}}],\"inLanguage\":\"ca\"},{\"@type\":\"Organization\",\"@id\":\"https:\/\/bcnsportsfilm.org\/#organization\",\"name\":\"Site title\",\"url\":\"https:\/\/bcnsportsfilm.org\/\",\"logo\":{\"@type\":\"ImageObject\",\"inLanguage\":\"ca\",\"@id\":\"https:\/\/bcnsportsfilm.org\/#\/schema\/logo\/image\/\",\"url\":\"https:\/\/bcnsportsfilm.org\/wp-content\/uploads\/2022\/12\/BCNSportsFilmFestival_logo.png\",\"contentUrl\":\"https:\/\/bcnsportsfilm.org\/wp-content\/uploads\/2022\/12\/BCNSportsFilmFestival_logo.png\",\"width\":131,\"height\":43,\"caption\":\"Site title\"},\"image\":{\"@id\":\"https:\/\/bcnsportsfilm.org\/#\/schema\/logo\/image\/\"},\"sameAs\":[\"https:\/\/www.facebook.com\/bcnsportsfilm\",\"https:\/\/x.com\/bcnsportsfilm\",\"https:\/\/www.instagram.com\/fundacio_barcelona_olimpica\/\",\"https:\/\/www.youtube.com\/@fundaciobarcelonaolimpica\",\"https:\/\/www.linkedin.com\/showcase\/bcn-sports-film-festival\/\"]},{\"@type\":\"Person\",\"@id\":\"https:\/\/bcnsportsfilm.org\/#\/schema\/person\/82c3d6f7cae6decbce5ad0631c14ff06\",\"name\":\"adminbcnsportsfilm\",\"image\":{\"@type\":\"ImageObject\",\"inLanguage\":\"ca\",\"@id\":\"https:\/\/bcnsportsfilm.org\/#\/schema\/person\/image\/\",\"url\":\"https:\/\/secure.gravatar.com\/avatar\/2e53f93cebaf9c2ccaa632da872e0e17?s=96&d=mm&r=g\",\"contentUrl\":\"https:\/\/secure.gravatar.com\/avatar\/2e53f93cebaf9c2ccaa632da872e0e17?s=96&d=mm&r=g\",\"caption\":\"adminbcnsportsfilm\"},\"url\":\"https:\/\/bcnsportsfilm.org\/ca\/author\/adminbcnsportsfilm\/\"}]}<\/script>\n<!-- \/ Yoast SEO plugin. -->","yoast_head_json":{"title":"El festival es tanca amb les millors produccions al teatre Merc\u00e8 Rodoreda de Sant Joan Desp\u00ed - BCN SPORTS FILM 2027","robots":{"index":"index","follow":"follow","max-snippet":"max-snippet:-1","max-image-preview":"max-image-preview:large","max-video-preview":"max-video-preview:-1"},"canonical":"https:\/\/bcnsportsfilm.org\/ca\/el-festival-es-tanca-amb-les-millors-produccions-al-teatre-merce-rodoreda-de-sant-joan-despi\/","og_locale":"ca_ES","og_type":"article","og_title":"El festival es tanca amb les millors produccions al teatre Merc\u00e8 Rodoreda de Sant Joan Desp\u00ed - BCN SPORTS FILM 2027","og_description":"El dimarts 25 de febrer, ha posat punt final al BCN Sports Film 2025,una edici\u00f3 plena d\u2019emoci\u00f3, reflexi\u00f3 i hist\u00f2ries inspiradores, amb la pres\u00e8ncia destacada de Francesc Vives, Regidor d\u2019Esports de Sant Joan Desp\u00ed. La jornada ha comptat amb dues sessions escolars especials, amb projeccions que han mostrat la dimensi\u00f3 m\u00e9s profunda de l\u2019esport i [&hellip;]","og_url":"https:\/\/bcnsportsfilm.org\/ca\/el-festival-es-tanca-amb-les-millors-produccions-al-teatre-merce-rodoreda-de-sant-joan-despi\/","og_site_name":"BCN SPORTS FILM 2027","article_publisher":"https:\/\/www.facebook.com\/bcnsportsfilm","article_published_time":"2025-02-25T16:51:37+00:00","article_modified_time":"2025-03-25T09:45:06+00:00","og_image":[{"width":1536,"height":2048,"url":"https:\/\/bcnsportsfilm.org\/wp-content\/uploads\/2025\/02\/WhatsApp-Image-2025-02-25-at-11.46.50.jpeg","type":"image\/jpeg"}],"author":"adminbcnsportsfilm","twitter_card":"summary_large_image","twitter_creator":"@bcnsportsfilm","twitter_site":"@bcnsportsfilm","twitter_misc":{"Escrit per":"adminbcnsportsfilm","Temps estimat de lectura":"2 minuts"},"schema":{"@context":"https:\/\/schema.org","@graph":[{"@type":"Article","@id":"https:\/\/bcnsportsfilm.org\/ca\/el-festival-es-tanca-amb-les-millors-produccions-al-teatre-merce-rodoreda-de-sant-joan-despi\/#article","isPartOf":{"@id":"https:\/\/bcnsportsfilm.org\/ca\/el-festival-es-tanca-amb-les-millors-produccions-al-teatre-merce-rodoreda-de-sant-joan-despi\/"},"author":{"name":"adminbcnsportsfilm","@id":"https:\/\/bcnsportsfilm.org\/#\/schema\/person\/82c3d6f7cae6decbce5ad0631c14ff06"},"headline":"El festival es tanca amb les millors produccions al teatre Merc\u00e8 Rodoreda de Sant Joan Desp\u00ed","datePublished":"2025-02-25T16:51:37+00:00","dateModified":"2025-03-25T09:45:06+00:00","mainEntityOfPage":{"@id":"https:\/\/bcnsportsfilm.org\/ca\/el-festival-es-tanca-amb-les-millors-produccions-al-teatre-merce-rodoreda-de-sant-joan-despi\/"},"wordCount":341,"publisher":{"@id":"https:\/\/bcnsportsfilm.org\/#organization"},"image":{"@id":"https:\/\/bcnsportsfilm.org\/ca\/el-festival-es-tanca-amb-les-millors-produccions-al-teatre-merce-rodoreda-de-sant-joan-despi\/#primaryimage"},"thumbnailUrl":"https:\/\/bcnsportsfilm.org\/wp-content\/uploads\/2025\/02\/WhatsApp-Image-2025-02-25-at-11.46.50.jpeg","articleSection":["Festival","Sales de projecci\u00f3"],"inLanguage":"ca"},{"@type":"WebPage","@id":"https:\/\/bcnsportsfilm.org\/ca\/el-festival-es-tanca-amb-les-millors-produccions-al-teatre-merce-rodoreda-de-sant-joan-despi\/","url":"https:\/\/bcnsportsfilm.org\/ca\/el-festival-es-tanca-amb-les-millors-produccions-al-teatre-merce-rodoreda-de-sant-joan-despi\/","name":"El festival es tanca amb les millors produccions al teatre Merc\u00e8 Rodoreda de Sant Joan Desp\u00ed - BCN SPORTS FILM 2027","isPartOf":{"@id":"https:\/\/bcnsportsfilm.org\/#website"},"primaryImageOfPage":{"@id":"https:\/\/bcnsportsfilm.org\/ca\/el-festival-es-tanca-amb-les-millors-produccions-al-teatre-merce-rodoreda-de-sant-joan-despi\/#primaryimage"},"image":{"@id":"https:\/\/bcnsportsfilm.org\/ca\/el-festival-es-tanca-amb-les-millors-produccions-al-teatre-merce-rodoreda-de-sant-joan-despi\/#primaryimage"},"thumbnailUrl":"https:\/\/bcnsportsfilm.org\/wp-content\/uploads\/2025\/02\/WhatsApp-Image-2025-02-25-at-11.46.50.jpeg","datePublished":"2025-02-25T16:51:37+00:00","dateModified":"2025-03-25T09:45:06+00:00","breadcrumb":{"@id":"https:\/\/bcnsportsfilm.org\/ca\/el-festival-es-tanca-amb-les-millors-produccions-al-teatre-merce-rodoreda-de-sant-joan-despi\/#breadcrumb"},"inLanguage":"ca","potentialAction":[{"@type":"ReadAction","target":["https:\/\/bcnsportsfilm.org\/ca\/el-festival-es-tanca-amb-les-millors-produccions-al-teatre-merce-rodoreda-de-sant-joan-despi\/"]}]},{"@type":"ImageObject","inLanguage":"ca","@id":"https:\/\/bcnsportsfilm.org\/ca\/el-festival-es-tanca-amb-les-millors-produccions-al-teatre-merce-rodoreda-de-sant-joan-despi\/#primaryimage","url":"https:\/\/bcnsportsfilm.org\/wp-content\/uploads\/2025\/02\/WhatsApp-Image-2025-02-25-at-11.46.50.jpeg","contentUrl":"https:\/\/bcnsportsfilm.org\/wp-content\/uploads\/2025\/02\/WhatsApp-Image-2025-02-25-at-11.46.50.jpeg","width":1536,"height":2048},{"@type":"BreadcrumbList","@id":"https:\/\/bcnsportsfilm.org\/ca\/el-festival-es-tanca-amb-les-millors-produccions-al-teatre-merce-rodoreda-de-sant-joan-despi\/#breadcrumb","itemListElement":[{"@type":"ListItem","position":1,"name":"Portada","item":"https:\/\/bcnsportsfilm.org\/ca\/"},{"@type":"ListItem","position":2,"name":"El festival es tanca amb les millors produccions al teatre Merc\u00e8 Rodoreda de Sant Joan Desp\u00ed"}]},{"@type":"WebSite","@id":"https:\/\/bcnsportsfilm.org\/#website","url":"https:\/\/bcnsportsfilm.org\/","name":"Site title","description":"Barcelona International Sports Film Festival","publisher":{"@id":"https:\/\/bcnsportsfilm.org\/#organization"},"potentialAction":[{"@type":"SearchAction","target":{"@type":"EntryPoint","urlTemplate":"https:\/\/bcnsportsfilm.org\/?s={search_term_string}"},"query-input":{"@type":"PropertyValueSpecification","valueRequired":true,"valueName":"search_term_string"}}],"inLanguage":"ca"},{"@type":"Organization","@id":"https:\/\/bcnsportsfilm.org\/#organization","name":"Site title","url":"https:\/\/bcnsportsfilm.org\/","logo":{"@type":"ImageObject","inLanguage":"ca","@id":"https:\/\/bcnsportsfilm.org\/#\/schema\/logo\/image\/","url":"https:\/\/bcnsportsfilm.org\/wp-content\/uploads\/2022\/12\/BCNSportsFilmFestival_logo.png","contentUrl":"https:\/\/bcnsportsfilm.org\/wp-content\/uploads\/2022\/12\/BCNSportsFilmFestival_logo.png","width":131,"height":43,"caption":"Site title"},"image":{"@id":"https:\/\/bcnsportsfilm.org\/#\/schema\/logo\/image\/"},"sameAs":["https:\/\/www.facebook.com\/bcnsportsfilm","https:\/\/x.com\/bcnsportsfilm","https:\/\/www.instagram.com\/fundacio_barcelona_olimpica\/","https:\/\/www.youtube.com\/@fundaciobarcelonaolimpica","https:\/\/www.linkedin.com\/showcase\/bcn-sports-film-festival\/"]},{"@type":"Person","@id":"https:\/\/bcnsportsfilm.org\/#\/schema\/person\/82c3d6f7cae6decbce5ad0631c14ff06","name":"adminbcnsportsfilm","image":{"@type":"ImageObject","inLanguage":"ca","@id":"https:\/\/bcnsportsfilm.org\/#\/schema\/person\/image\/","url":"https:\/\/secure.gravatar.com\/avatar\/2e53f93cebaf9c2ccaa632da872e0e17?s=96&d=mm&r=g","contentUrl":"https:\/\/secure.gravatar.com\/avatar\/2e53f93cebaf9c2ccaa632da872e0e17?s=96&d=mm&r=g","caption":"adminbcnsportsfilm"},"url":"https:\/\/bcnsportsfilm.org\/ca\/author\/adminbcnsportsfilm\/"}]}},"_links":{"self":[{"href":"https:\/\/bcnsportsfilm.org\/ca\/wp-json\/wp\/v2\/posts\/45622","targetHints":{"allow":["GET"]}}],"collection":[{"href":"https:\/\/bcnsportsfilm.org\/ca\/wp-json\/wp\/v2\/posts"}],"about":[{"href":"https:\/\/bcnsportsfilm.org\/ca\/wp-json\/wp\/v2\/types\/post"}],"author":[{"embeddable":true,"href":"https:\/\/bcnsportsfilm.org\/ca\/wp-json\/wp\/v2\/users\/18"}],"replies":[{"embeddable":true,"href":"https:\/\/bcnsportsfilm.org\/ca\/wp-json\/wp\/v2\/comments?post=45622"}],"version-history":[{"count":3,"href":"https:\/\/bcnsportsfilm.org\/ca\/wp-json\/wp\/v2\/posts\/45622\/revisions"}],"predecessor-version":[{"id":45668,"href":"https:\/\/bcnsportsfilm.org\/ca\/wp-json\/wp\/v2\/posts\/45622\/revisions\/45668"}],"wp:featuredmedia":[{"embeddable":true,"href":"https:\/\/bcnsportsfilm.org\/ca\/wp-json\/wp\/v2\/media\/45661"}],"wp:attachment":[{"href":"https:\/\/bcnsportsfilm.org\/ca\/wp-json\/wp\/v2\/media?parent=45622"}],"wp:term":[{"taxonomy":"category","embeddable":true,"href":"https:\/\/bcnsportsfilm.org\/ca\/wp-json\/wp\/v2\/categories?post=45622"},{"taxonomy":"post_tag","embeddable":true,"href":"https:\/\/bcnsportsfilm.org\/ca\/wp-json\/wp\/v2\/tags?post=45622"}],"curies":[{"name":"wp","href":"https:\/\/api.w.org\/{rel}","templated":true}]}}