{"id":37045,"date":"2024-11-21T21:18:46","date_gmt":"2024-11-21T19:18:46","guid":{"rendered":"https:\/\/bcnsportsfilm.org\/?p=37045"},"modified":"2024-11-28T17:43:27","modified_gmt":"2024-11-28T15:43:27","slug":"bcn-sports-film-festival-2025-el-teatre-merce-rodoreda-se-une-a-las-10-sedes-de-la-15a-edicion","status":"publish","type":"post","link":"https:\/\/bcnsportsfilm.org\/en\/bcn-sports-film-festival-2025-el-teatre-merce-rodoreda-se-une-a-las-10-sedes-de-la-15a-edicion\/","title":{"rendered":"BCN Sports Film Festival 2025: Teatre Merc\u00e8 Rodoreda joins the 10 venues of the 15th edition"},"content":{"rendered":"\t\t<div data-elementor-type=\"wp-post\" data-elementor-id=\"37045\" class=\"elementor elementor-37045 elementor-37020\" data-elementor-post-type=\"post\">\n\t\t\t\t\t\t<section class=\"elementor-section elementor-top-section elementor-element elementor-element-e3bf9dd elementor-section-boxed elementor-section-height-default elementor-section-height-default qodef-elementor-content-no\" data-id=\"e3bf9dd\" data-element_type=\"section\">\n\t\t\t\t\t\t<div class=\"elementor-container elementor-column-gap-default\">\n\t\t\t\t\t<div class=\"elementor-column elementor-col-100 elementor-top-column elementor-element elementor-element-efb2168\" data-id=\"efb2168\" data-element_type=\"column\">\n\t\t\t<div class=\"elementor-widget-wrap elementor-element-populated\">\n\t\t\t\t\t\t<div class=\"elementor-element elementor-element-4ac924e elementor-widget elementor-widget-heading\" data-id=\"4ac924e\" data-element_type=\"widget\" data-widget_type=\"heading.default\">\n\t\t\t\t<div class=\"elementor-widget-container\">\n\t\t\t\t\t<span class=\"elementor-heading-title elementor-size-default\">The mayor of Sant Joan Desp\u00ed, Bel\u00e9n Garc\u00eda, and the director of the Barcelona Olympic Foundation, Francesc Terr\u00f3n, have signed an agreement for the Merc\u00e8 Rodoreda Theater to become one of the venues for the BCN Sports Film Festival 2025. This collaboration strengthens the bond between culture and sports, positioning the municipality on the international events scene.<\/span>\t\t\t\t<\/div>\n\t\t\t\t<\/div>\n\t\t\t\t\t<\/div>\n\t\t<\/div>\n\t\t\t\t\t<\/div>\n\t\t<\/section>\n\t\t\t\t<section class=\"elementor-section elementor-top-section elementor-element elementor-element-5e6f554 elementor-section-boxed elementor-section-height-default elementor-section-height-default qodef-elementor-content-no\" data-id=\"5e6f554\" data-element_type=\"section\">\n\t\t\t\t\t\t<div class=\"elementor-container elementor-column-gap-default\">\n\t\t\t\t\t<div class=\"elementor-column elementor-col-100 elementor-top-column elementor-element elementor-element-258a613\" data-id=\"258a613\" data-element_type=\"column\">\n\t\t\t<div class=\"elementor-widget-wrap elementor-element-populated\">\n\t\t\t\t\t\t<div class=\"elementor-element elementor-element-6868edf elementor-widget elementor-widget-heading\" data-id=\"6868edf\" data-element_type=\"widget\" data-widget_type=\"heading.default\">\n\t\t\t\t<div class=\"elementor-widget-container\">\n\t\t\t\t\t<h2 class=\"elementor-heading-title elementor-size-default\">The festival, which will take place from February 17 to 25, 2025, will present its program across nine main venues, in addition to the Penitentiary Centers of Catalonia, reaffirming its commitment to bringing sports cinema to all audiences.<\/h2>\t\t\t\t<\/div>\n\t\t\t\t<\/div>\n\t\t\t\t\t<\/div>\n\t\t<\/div>\n\t\t\t\t\t<\/div>\n\t\t<\/section>\n\t\t\t\t<section class=\"elementor-section elementor-top-section elementor-element elementor-element-b207caa elementor-section-boxed elementor-section-height-default elementor-section-height-default qodef-elementor-content-no\" data-id=\"b207caa\" data-element_type=\"section\">\n\t\t\t\t\t\t<div class=\"elementor-container elementor-column-gap-default\">\n\t\t\t\t\t<div class=\"elementor-column elementor-col-100 elementor-top-column elementor-element elementor-element-f442e14\" data-id=\"f442e14\" data-element_type=\"column\">\n\t\t\t<div class=\"elementor-widget-wrap elementor-element-populated\">\n\t\t\t\t\t\t<div class=\"elementor-element elementor-element-2aea970 elementor-widget elementor-widget-text-editor\" data-id=\"2aea970\" data-element_type=\"widget\" data-widget_type=\"text-editor.default\">\n\t\t\t\t<div class=\"elementor-widget-container\">\n\t\t\t\t\t\t\t\t\t<h3 dir=\"ltr\" style=\"line-height: 1.38; text-align: justify; margin-top: 0pt; margin-bottom: 0pt;\"><a href=\"https:\/\/bcnsportsfilm.org\/en\/?page_id=16676\"><span style=\"font-size: 10pt; font-family: Arial, sans-serif; color: #000000; background-color: transparent; font-weight: bold; font-style: normal; text-decoration: none; vertical-align: baseline;\">the official venues of the festival:<\/span><\/a><\/h3>\n<div><span style=\"font-size: 10pt; font-family: Arial, sans-serif; color: #000000; background-color: transparent; font-weight: bold; font-style: normal; text-decoration: none; vertical-align: baseline;\">\u00a0<\/span><\/div>\n<div><span style=\"font-size: 10pt; font-family: Arial, sans-serif; color: #000000; background-color: transparent; font-weight: bold; font-style: normal; text-decoration: none; vertical-align: baseline;\">\u00a0<\/span><\/div>\n<div><span style=\"font-size: 10pt; font-family: Arial, sans-serif; color: #000000; background-color: transparent; font-weight: bold; font-style: normal; text-decoration: none; vertical-align: baseline;\">\u00a0<\/span><\/div>\n\t\t\t\t\t\t\t\t<\/div>\n\t\t\t\t<\/div>\n\t\t\t\t<section class=\"elementor-section elementor-inner-section elementor-element elementor-element-0cc569f elementor-section-boxed elementor-section-height-default elementor-section-height-default qodef-elementor-content-no\" data-id=\"0cc569f\" data-element_type=\"section\">\n\t\t\t\t\t\t<div class=\"elementor-container elementor-column-gap-default\">\n\t\t\t\t\t<div class=\"elementor-column elementor-col-50 elementor-inner-column elementor-element elementor-element-2757026\" data-id=\"2757026\" data-element_type=\"column\">\n\t\t\t<div class=\"elementor-widget-wrap elementor-element-populated\">\n\t\t\t\t\t\t<div class=\"elementor-element elementor-element-57f8c03 elementor-widget elementor-widget-image\" data-id=\"57f8c03\" data-element_type=\"widget\" data-widget_type=\"image.default\">\n\t\t\t\t<div class=\"elementor-widget-container\">\n\t\t\t\t\t\t\t\t\t\t\t\t\t\t\t<img fetchpriority=\"high\" decoding=\"async\" width=\"300\" height=\"169\" src=\"https:\/\/bcnsportsfilm.org\/wp-content\/uploads\/2024\/02\/bg_sobre-el-museu-300x169.jpg\" class=\"attachment-medium size-medium wp-image-29754\" alt=\"\" \/>\t\t\t\t\t\t\t\t\t\t\t\t\t\t\t<\/div>\n\t\t\t\t<\/div>\n\t\t\t\t\t<\/div>\n\t\t<\/div>\n\t\t\t\t<div class=\"elementor-column elementor-col-50 elementor-inner-column elementor-element elementor-element-fe2c4a7\" data-id=\"fe2c4a7\" data-element_type=\"column\">\n\t\t\t<div class=\"elementor-widget-wrap elementor-element-populated\">\n\t\t\t\t\t\t<div class=\"elementor-element elementor-element-f232afc elementor-widget elementor-widget-text-editor\" data-id=\"f232afc\" data-element_type=\"widget\" data-widget_type=\"text-editor.default\">\n\t\t\t\t<div class=\"elementor-widget-container\">\n\t\t\t\t\t\t\t\t\t<h6 style=\"text-align: left;\"><span style=\"color: #000000;\"><b>Museu Ol\u00edmpic i de l&#8217;Esport Joan Antoni Samaranch<\/b><\/span><\/h6>\n<p style=\"text-align: left;\"><span style=\"font-weight: 400;\">An iconic space that connects cinema with the Olympic legacy of the city.<\/span><\/p>\n<ul>\n<li dir=\"ltr\" style=\"line-height: 1.38; text-align: left;\" role=\"presentation\"><span style=\"font-size: 10pt; font-family: Arial, sans-serif; color: #000000; background-color: transparent; font-weight: bold; font-style: normal; text-decoration: none; vertical-align: baseline;\">Adress:<\/span><span style=\"font-size: 10pt; font-family: Arial, sans-serif; color: #000000; background-color: transparent; font-weight: 400; font-style: normal; text-decoration: none; vertical-align: baseline;\"> Avinguda de l\u2019Estadi, 60, 08038 Barcelona<\/span><\/li>\n<\/ul>\n\t\t\t\t\t\t\t\t<\/div>\n\t\t\t\t<\/div>\n\t\t\t\t\t<\/div>\n\t\t<\/div>\n\t\t\t\t\t<\/div>\n\t\t<\/section>\n\t\t\t\t<section class=\"elementor-section elementor-inner-section elementor-element elementor-element-b96f9d8 elementor-section-boxed elementor-section-height-default elementor-section-height-default qodef-elementor-content-no\" data-id=\"b96f9d8\" data-element_type=\"section\">\n\t\t\t\t\t\t<div class=\"elementor-container elementor-column-gap-default\">\n\t\t\t\t\t<div class=\"elementor-column elementor-col-50 elementor-inner-column elementor-element elementor-element-c6b05f4\" data-id=\"c6b05f4\" data-element_type=\"column\">\n\t\t\t<div class=\"elementor-widget-wrap elementor-element-populated\">\n\t\t\t\t\t\t<div class=\"elementor-element elementor-element-9c36d78 elementor-widget__width-initial elementor-widget elementor-widget-image\" data-id=\"9c36d78\" data-element_type=\"widget\" data-widget_type=\"image.default\">\n\t\t\t\t<div class=\"elementor-widget-container\">\n\t\t\t\t\t\t\t\t\t\t\t\t\t\t\t<img decoding=\"async\" width=\"300\" height=\"200\" src=\"https:\/\/bcnsportsfilm.org\/wp-content\/uploads\/2023\/01\/cinemes-girona-min-300x200.jpg\" class=\"attachment-medium size-medium wp-image-15849\" alt=\"\" \/>\t\t\t\t\t\t\t\t\t\t\t\t\t\t\t<\/div>\n\t\t\t\t<\/div>\n\t\t\t\t\t<\/div>\n\t\t<\/div>\n\t\t\t\t<div class=\"elementor-column elementor-col-50 elementor-inner-column elementor-element elementor-element-a1af640\" data-id=\"a1af640\" data-element_type=\"column\">\n\t\t\t<div class=\"elementor-widget-wrap elementor-element-populated\">\n\t\t\t\t\t\t<div class=\"elementor-element elementor-element-484c007 elementor-widget elementor-widget-text-editor\" data-id=\"484c007\" data-element_type=\"widget\" data-widget_type=\"text-editor.default\">\n\t\t\t\t<div class=\"elementor-widget-container\">\n\t\t\t\t\t\t\t\t\t<h6 style=\"text-align: left;\"><span style=\"color: #000000; font-size: 14px;\"><b>Cinemes GIRONA<\/b><\/span><\/h6>\n<p><span style=\"font-weight: 400;\">The cultural heart of the festival, perfect for high-impact screenings.<\/span><\/p>\n<ul>\n<li><b>Adress:<\/b><span style=\"font-weight: 400;\"> Carrer de Girona, 175, 08037 Barcelona<\/span><\/li>\n<\/ul>\n\t\t\t\t\t\t\t\t<\/div>\n\t\t\t\t<\/div>\n\t\t\t\t\t<\/div>\n\t\t<\/div>\n\t\t\t\t\t<\/div>\n\t\t<\/section>\n\t\t\t\t<section class=\"elementor-section elementor-inner-section elementor-element elementor-element-3338ae9 elementor-section-boxed elementor-section-height-default elementor-section-height-default qodef-elementor-content-no\" data-id=\"3338ae9\" data-element_type=\"section\">\n\t\t\t\t\t\t<div class=\"elementor-container elementor-column-gap-default\">\n\t\t\t\t\t<div class=\"elementor-column elementor-col-50 elementor-inner-column elementor-element elementor-element-7b01241\" data-id=\"7b01241\" data-element_type=\"column\">\n\t\t\t<div class=\"elementor-widget-wrap elementor-element-populated\">\n\t\t\t\t\t\t<div class=\"elementor-element elementor-element-7c2f185 elementor-widget elementor-widget-image\" data-id=\"7c2f185\" data-element_type=\"widget\" data-widget_type=\"image.default\">\n\t\t\t\t<div class=\"elementor-widget-container\">\n\t\t\t\t\t\t\t\t\t\t\t\t\t\t\t<img decoding=\"async\" width=\"300\" height=\"214\" src=\"https:\/\/bcnsportsfilm.org\/wp-content\/uploads\/2023\/01\/seu_inefc_barcelona-min-300x214.jpg\" class=\"attachment-medium size-medium wp-image-15873\" alt=\"\" \/>\t\t\t\t\t\t\t\t\t\t\t\t\t\t\t<\/div>\n\t\t\t\t<\/div>\n\t\t\t\t\t<\/div>\n\t\t<\/div>\n\t\t\t\t<div class=\"elementor-column elementor-col-50 elementor-inner-column elementor-element elementor-element-e94b8b6\" data-id=\"e94b8b6\" data-element_type=\"column\">\n\t\t\t<div class=\"elementor-widget-wrap elementor-element-populated\">\n\t\t\t\t\t\t<div class=\"elementor-element elementor-element-7eb3aa5 elementor-widget elementor-widget-text-editor\" data-id=\"7eb3aa5\" data-element_type=\"widget\" data-widget_type=\"text-editor.default\">\n\t\t\t\t<div class=\"elementor-widget-container\">\n\t\t\t\t\t\t\t\t\t<h6 style=\"text-align: left;\"><span style=\"color: #000000; font-size: 14px;\"><b>INEFC Barcelona<\/b><\/span><\/h6>\n<p style=\"text-align: left;\"><span style=\"font-weight: 400;\">A place where sport, education, and cinema meet, ideal for special activities.<\/span><span style=\"font-weight: 400;\"><br \/>\n<\/span><\/p>\n<ul>\n<li style=\"text-align: left;\"><b>Adress:<\/b><span style=\"font-weight: 400;\"> Avinguda de l\u2019Estadi, 12-22, 08038 Barcelona<br \/>\n<\/span><\/li>\n<\/ul>\n\t\t\t\t\t\t\t\t<\/div>\n\t\t\t\t<\/div>\n\t\t\t\t\t<\/div>\n\t\t<\/div>\n\t\t\t\t\t<\/div>\n\t\t<\/section>\n\t\t\t\t<section class=\"elementor-section elementor-inner-section elementor-element elementor-element-2a69bfb elementor-section-boxed elementor-section-height-default elementor-section-height-default qodef-elementor-content-no\" data-id=\"2a69bfb\" data-element_type=\"section\">\n\t\t\t\t\t\t<div class=\"elementor-container elementor-column-gap-default\">\n\t\t\t\t\t<div class=\"elementor-column elementor-col-50 elementor-inner-column elementor-element elementor-element-bfaff33\" data-id=\"bfaff33\" data-element_type=\"column\">\n\t\t\t<div class=\"elementor-widget-wrap elementor-element-populated\">\n\t\t\t\t\t\t<div class=\"elementor-element elementor-element-b9e4044 elementor-widget elementor-widget-image\" data-id=\"b9e4044\" data-element_type=\"widget\" data-widget_type=\"image.default\">\n\t\t\t\t<div class=\"elementor-widget-container\">\n\t\t\t\t\t\t\t\t\t\t\t\t\t\t\t<img loading=\"lazy\" decoding=\"async\" width=\"300\" height=\"158\" src=\"https:\/\/bcnsportsfilm.org\/wp-content\/uploads\/2023\/01\/Institut-francais-min-300x158.jpg\" class=\"attachment-medium size-medium wp-image-15857\" alt=\"\" \/>\t\t\t\t\t\t\t\t\t\t\t\t\t\t\t<\/div>\n\t\t\t\t<\/div>\n\t\t\t\t\t<\/div>\n\t\t<\/div>\n\t\t\t\t<div class=\"elementor-column elementor-col-50 elementor-inner-column elementor-element elementor-element-6675bf5\" data-id=\"6675bf5\" data-element_type=\"column\">\n\t\t\t<div class=\"elementor-widget-wrap elementor-element-populated\">\n\t\t\t\t\t\t<div class=\"elementor-element elementor-element-c7d064b elementor-widget elementor-widget-text-editor\" data-id=\"c7d064b\" data-element_type=\"widget\" data-widget_type=\"text-editor.default\">\n\t\t\t\t<div class=\"elementor-widget-container\">\n\t\t\t\t\t\t\t\t\t<h6 style=\"text-align: left;\"><span style=\"color: #000000; font-size: 14px;\"><b>INSTITUT FRAN\u00c7AIS DE BARCELONA<\/b><\/span><\/h6>\n<p style=\"text-align: left;\"><span style=\"font-weight: 400;\">The meeting point for international productions in a multicultural environment.<\/span><span style=\"font-weight: 400;\"><br \/>\n<\/span><\/p>\n<ul>\n<li style=\"text-align: left;\"><b>Adress:\u00a0<\/b><span style=\"font-weight: 400;\">Carrer de Moi\u00e0, 8, 08006 Barcelona<\/span><span style=\"font-weight: 400;\"><br \/>\n<\/span><\/li>\n<\/ul>\n\t\t\t\t\t\t\t\t<\/div>\n\t\t\t\t<\/div>\n\t\t\t\t\t<\/div>\n\t\t<\/div>\n\t\t\t\t\t<\/div>\n\t\t<\/section>\n\t\t\t\t<section class=\"elementor-section elementor-inner-section elementor-element elementor-element-73dfe77 elementor-section-boxed elementor-section-height-default elementor-section-height-default qodef-elementor-content-no\" data-id=\"73dfe77\" data-element_type=\"section\">\n\t\t\t\t\t\t<div class=\"elementor-container elementor-column-gap-default\">\n\t\t\t\t\t<div class=\"elementor-column elementor-col-50 elementor-inner-column elementor-element elementor-element-11c2578\" data-id=\"11c2578\" data-element_type=\"column\">\n\t\t\t<div class=\"elementor-widget-wrap elementor-element-populated\">\n\t\t\t\t\t\t<div class=\"elementor-element elementor-element-55f1817 elementor-widget elementor-widget-image\" data-id=\"55f1817\" data-element_type=\"widget\" data-widget_type=\"image.default\">\n\t\t\t\t<div class=\"elementor-widget-container\">\n\t\t\t\t\t\t\t\t\t\t\t\t\t\t\t<img loading=\"lazy\" decoding=\"async\" width=\"300\" height=\"158\" src=\"https:\/\/bcnsportsfilm.org\/wp-content\/uploads\/2023\/01\/seu_cc_cotxeres_sants-min-300x158.jpg\" class=\"attachment-medium size-medium wp-image-15861\" alt=\"\" \/>\t\t\t\t\t\t\t\t\t\t\t\t\t\t\t<\/div>\n\t\t\t\t<\/div>\n\t\t\t\t\t<\/div>\n\t\t<\/div>\n\t\t\t\t<div class=\"elementor-column elementor-col-50 elementor-inner-column elementor-element elementor-element-8188508\" data-id=\"8188508\" data-element_type=\"column\">\n\t\t\t<div class=\"elementor-widget-wrap elementor-element-populated\">\n\t\t\t\t\t\t<div class=\"elementor-element elementor-element-a57ee1d elementor-widget elementor-widget-text-editor\" data-id=\"a57ee1d\" data-element_type=\"widget\" data-widget_type=\"text-editor.default\">\n\t\t\t\t<div class=\"elementor-widget-container\">\n\t\t\t\t\t\t\t\t\t<h6 style=\"text-align: left;\"><span style=\"color: #000000; font-size: 14px;\"><b>CENTRE C\u00cdVIC COTXERES DE SANTS<\/b><\/span><\/h6>\n<p style=\"text-align: left;\"><span style=\"font-weight: 400;\">A dynamic venue that brings the festival closer to the local community in an accessible way.<\/span><span style=\"font-weight: 400;\"><br \/>\n<\/span><\/p>\n<ul>\n<li style=\"text-align: left;\"><b>Adress:\u00a0<\/b><span style=\"font-weight: 400;\">Carrer de Sants, 79, 08014 Barcelona<\/span><\/li>\n<\/ul>\n\t\t\t\t\t\t\t\t<\/div>\n\t\t\t\t<\/div>\n\t\t\t\t\t<\/div>\n\t\t<\/div>\n\t\t\t\t\t<\/div>\n\t\t<\/section>\n\t\t\t\t<section class=\"elementor-section elementor-inner-section elementor-element elementor-element-dd28c04 elementor-section-boxed elementor-section-height-default elementor-section-height-default qodef-elementor-content-no\" data-id=\"dd28c04\" data-element_type=\"section\">\n\t\t\t\t\t\t<div class=\"elementor-container elementor-column-gap-default\">\n\t\t\t\t\t<div class=\"elementor-column elementor-col-50 elementor-inner-column elementor-element elementor-element-ae883a2\" data-id=\"ae883a2\" data-element_type=\"column\">\n\t\t\t<div class=\"elementor-widget-wrap elementor-element-populated\">\n\t\t\t\t\t\t<div class=\"elementor-element elementor-element-6ec9865 elementor-widget elementor-widget-image\" data-id=\"6ec9865\" data-element_type=\"widget\" data-widget_type=\"image.default\">\n\t\t\t\t<div class=\"elementor-widget-container\">\n\t\t\t\t\t\t\t\t\t\t\t\t\t\t\t<img loading=\"lazy\" decoding=\"async\" width=\"300\" height=\"158\" src=\"https:\/\/bcnsportsfilm.org\/wp-content\/uploads\/2023\/01\/seu_cc_bon_pastor-min-300x158.jpg\" class=\"attachment-medium size-medium wp-image-15865\" alt=\"\" \/>\t\t\t\t\t\t\t\t\t\t\t\t\t\t\t<\/div>\n\t\t\t\t<\/div>\n\t\t\t\t\t<\/div>\n\t\t<\/div>\n\t\t\t\t<div class=\"elementor-column elementor-col-50 elementor-inner-column elementor-element elementor-element-d3347f6\" data-id=\"d3347f6\" data-element_type=\"column\">\n\t\t\t<div class=\"elementor-widget-wrap elementor-element-populated\">\n\t\t\t\t\t\t<div class=\"elementor-element elementor-element-8954c4e elementor-widget elementor-widget-text-editor\" data-id=\"8954c4e\" data-element_type=\"widget\" data-widget_type=\"text-editor.default\">\n\t\t\t\t<div class=\"elementor-widget-container\">\n\t\t\t\t\t\t\t\t\t<h6 style=\"text-align: left;\"><span style=\"color: #000000; font-size: 14px;\"><b>CENTRE C\u00cdVIC BON PASTOR\u00a0<\/b><\/span><\/h6>\n<p style=\"text-align: left;\"><span style=\"font-weight: 400;\">A key space for decentralization and access to culture in the neighborhoods of Barcelona.<\/span><span style=\"font-weight: 400;\"><br \/>\n<\/span><\/p>\n<ul>\n<li style=\"text-align: left;\"><b>Adress:\u00a0<\/b><span style=\"font-weight: 400;\">Carrer de Costa Daurada, 12, 08030 Barcelona<\/span><\/li>\n<\/ul>\n\t\t\t\t\t\t\t\t<\/div>\n\t\t\t\t<\/div>\n\t\t\t\t\t<\/div>\n\t\t<\/div>\n\t\t\t\t\t<\/div>\n\t\t<\/section>\n\t\t\t\t<section class=\"elementor-section elementor-inner-section elementor-element elementor-element-a8a3dc6 elementor-section-boxed elementor-section-height-default elementor-section-height-default qodef-elementor-content-no\" data-id=\"a8a3dc6\" data-element_type=\"section\">\n\t\t\t\t\t\t<div class=\"elementor-container elementor-column-gap-default\">\n\t\t\t\t\t<div class=\"elementor-column elementor-col-50 elementor-inner-column elementor-element elementor-element-9c481e9\" data-id=\"9c481e9\" data-element_type=\"column\">\n\t\t\t<div class=\"elementor-widget-wrap elementor-element-populated\">\n\t\t\t\t\t\t<div class=\"elementor-element elementor-element-6e9839c elementor-widget elementor-widget-image\" data-id=\"6e9839c\" data-element_type=\"widget\" data-widget_type=\"image.default\">\n\t\t\t\t<div class=\"elementor-widget-container\">\n\t\t\t\t\t\t\t\t\t\t\t\t\t\t\t<img loading=\"lazy\" decoding=\"async\" width=\"300\" height=\"200\" src=\"https:\/\/bcnsportsfilm.org\/wp-content\/uploads\/2023\/12\/Ateneu-SAntJUST-300x200.jpg\" class=\"attachment-medium size-medium wp-image-25629\" alt=\"\" \/>\t\t\t\t\t\t\t\t\t\t\t\t\t\t\t<\/div>\n\t\t\t\t<\/div>\n\t\t\t\t\t<\/div>\n\t\t<\/div>\n\t\t\t\t<div class=\"elementor-column elementor-col-50 elementor-inner-column elementor-element elementor-element-81eee0d\" data-id=\"81eee0d\" data-element_type=\"column\">\n\t\t\t<div class=\"elementor-widget-wrap elementor-element-populated\">\n\t\t\t\t\t\t<div class=\"elementor-element elementor-element-f6a35bf elementor-widget elementor-widget-text-editor\" data-id=\"f6a35bf\" data-element_type=\"widget\" data-widget_type=\"text-editor.default\">\n\t\t\t\t<div class=\"elementor-widget-container\">\n\t\t\t\t\t\t\t\t\t<h6 style=\"text-align: left;\"><span style=\"color: #000000; font-size: 14px;\"><b>ATENEU SANT JUST DESVERN\u00a0<\/b><\/span><\/h6>\n<p style=\"text-align: left;\"><span style=\"font-weight: 400;\">Strengthens the festival\u2019s connection with the Barcelona metropolitan area.<\/span><span style=\"font-weight: 400;\"><br \/>\n<\/span><\/p>\n<ul>\n<li style=\"text-align: left;\"><b>Adress:\u00a0<\/b><span style=\"font-weight: 400;\">Carrer de la Creu, 14, 08960 Sant Just Desvern<\/span><\/li>\n<\/ul>\n\t\t\t\t\t\t\t\t<\/div>\n\t\t\t\t<\/div>\n\t\t\t\t\t<\/div>\n\t\t<\/div>\n\t\t\t\t\t<\/div>\n\t\t<\/section>\n\t\t\t\t<section class=\"elementor-section elementor-inner-section elementor-element elementor-element-da5af1a elementor-section-boxed elementor-section-height-default elementor-section-height-default qodef-elementor-content-no\" data-id=\"da5af1a\" data-element_type=\"section\">\n\t\t\t\t\t\t<div class=\"elementor-container elementor-column-gap-default\">\n\t\t\t\t\t<div class=\"elementor-column elementor-col-50 elementor-inner-column elementor-element elementor-element-c9c4d61\" data-id=\"c9c4d61\" data-element_type=\"column\">\n\t\t\t<div class=\"elementor-widget-wrap elementor-element-populated\">\n\t\t\t\t\t\t<div class=\"elementor-element elementor-element-da0cace elementor-widget elementor-widget-image\" data-id=\"da0cace\" data-element_type=\"widget\" data-widget_type=\"image.default\">\n\t\t\t\t<div class=\"elementor-widget-container\">\n\t\t\t\t\t\t\t\t\t\t\t\t\t\t\t<img loading=\"lazy\" decoding=\"async\" width=\"300\" height=\"200\" src=\"https:\/\/bcnsportsfilm.org\/wp-content\/uploads\/2023\/12\/Facana-EUSES-scaled-300x200.jpg\" class=\"attachment-medium size-medium wp-image-25638\" alt=\"\" \/>\t\t\t\t\t\t\t\t\t\t\t\t\t\t\t<\/div>\n\t\t\t\t<\/div>\n\t\t\t\t\t<\/div>\n\t\t<\/div>\n\t\t\t\t<div class=\"elementor-column elementor-col-50 elementor-inner-column elementor-element elementor-element-0100ab4\" data-id=\"0100ab4\" data-element_type=\"column\">\n\t\t\t<div class=\"elementor-widget-wrap elementor-element-populated\">\n\t\t\t\t\t\t<div class=\"elementor-element elementor-element-2722b58 elementor-widget elementor-widget-text-editor\" data-id=\"2722b58\" data-element_type=\"widget\" data-widget_type=\"text-editor.default\">\n\t\t\t\t<div class=\"elementor-widget-container\">\n\t\t\t\t\t\t\t\t\t<h6 style=\"text-align: left;\"><span style=\"color: #000000; font-size: 14px;\"><b>EUSES (CAMPUS DE SALT)<\/b><\/span><\/h6>\n<p style=\"text-align: left;\"><span style=\"font-weight: 400;\">This university venue strengthens the relationship between academia, sport, and cinema.<\/span><span style=\"font-weight: 400;\"><br \/>\n<\/span><\/p>\n<ul>\n<li style=\"text-align: left;\"><b>Adress:\u00a0<\/b><span style=\"font-weight: 400;\">Carrer del Doctor Castany, s\/n, 17190 Salt, Girona<\/span><\/li>\n<\/ul>\n\t\t\t\t\t\t\t\t<\/div>\n\t\t\t\t<\/div>\n\t\t\t\t\t<\/div>\n\t\t<\/div>\n\t\t\t\t\t<\/div>\n\t\t<\/section>\n\t\t\t\t<section class=\"elementor-section elementor-inner-section elementor-element elementor-element-3123212 elementor-section-boxed elementor-section-height-default elementor-section-height-default qodef-elementor-content-no\" data-id=\"3123212\" data-element_type=\"section\">\n\t\t\t\t\t\t<div class=\"elementor-container elementor-column-gap-default\">\n\t\t\t\t\t<div class=\"elementor-column elementor-col-50 elementor-inner-column elementor-element elementor-element-57b2e41\" data-id=\"57b2e41\" data-element_type=\"column\">\n\t\t\t<div class=\"elementor-widget-wrap elementor-element-populated\">\n\t\t\t\t\t\t<div class=\"elementor-element elementor-element-a9e18f1 elementor-widget elementor-widget-image\" data-id=\"a9e18f1\" data-element_type=\"widget\" data-widget_type=\"image.default\">\n\t\t\t\t<div class=\"elementor-widget-container\">\n\t\t\t\t\t\t\t\t\t\t\t\t\t\t\t<img loading=\"lazy\" decoding=\"async\" width=\"300\" height=\"158\" src=\"https:\/\/bcnsportsfilm.org\/wp-content\/uploads\/2024\/11\/centre-merce-rodoreda-min-300x158.jpg\" class=\"attachment-medium size-medium wp-image-36947\" alt=\"Teatre Merc\u00e8 Rodoreda\" \/>\t\t\t\t\t\t\t\t\t\t\t\t\t\t\t<\/div>\n\t\t\t\t<\/div>\n\t\t\t\t\t<\/div>\n\t\t<\/div>\n\t\t\t\t<div class=\"elementor-column elementor-col-50 elementor-inner-column elementor-element elementor-element-576d951\" data-id=\"576d951\" data-element_type=\"column\">\n\t\t\t<div class=\"elementor-widget-wrap elementor-element-populated\">\n\t\t\t\t\t\t<div class=\"elementor-element elementor-element-39e5b8c elementor-widget elementor-widget-text-editor\" data-id=\"39e5b8c\" data-element_type=\"widget\" data-widget_type=\"text-editor.default\">\n\t\t\t\t<div class=\"elementor-widget-container\">\n\t\t\t\t\t\t\t\t\t<h6 style=\"text-align: left;\"><span style=\"color: #000000; font-size: 14px;\"><b>TEATRE MERC\u00c8 RODOREDA &#8211; NUEVA SEDE<\/b><\/span><\/h6>\n<p style=\"text-align: left;\"><span style=\"font-weight: 400;\">The major addition of this edition, a modern and versatile space that expands the festival\u2019s territorial reach, attracting new audiences in Sant Joan Desp\u00ed.<\/span><span style=\"font-weight: 400;\"><br \/>\n<\/span><\/p>\n<ul>\n<li style=\"text-align: left;\"><b>Adress: <span style=\"font-weight: 400;\">Pla\u00e7a de l&#8217;Ermita, s\/n, 08970 Sant Joan Desp\u00ed<\/span><span style=\"font-weight: 400;\"><br \/>\n<\/span><\/b><\/li>\n<\/ul>\n\t\t\t\t\t\t\t\t<\/div>\n\t\t\t\t<\/div>\n\t\t\t\t\t<\/div>\n\t\t<\/div>\n\t\t\t\t\t<\/div>\n\t\t<\/section>\n\t\t\t\t<div class=\"elementor-element elementor-element-66dffb6 elementor-widget elementor-widget-spacer\" data-id=\"66dffb6\" data-element_type=\"widget\" data-widget_type=\"spacer.default\">\n\t\t\t\t<div class=\"elementor-widget-container\">\n\t\t\t\t\t\t\t<div class=\"elementor-spacer\">\n\t\t\t<div class=\"elementor-spacer-inner\"><\/div>\n\t\t<\/div>\n\t\t\t\t\t\t<\/div>\n\t\t\t\t<\/div>\n\t\t\t\t<div class=\"elementor-element elementor-element-4942edd elementor-widget elementor-widget-text-editor\" data-id=\"4942edd\" data-element_type=\"widget\" data-widget_type=\"text-editor.default\">\n\t\t\t\t<div class=\"elementor-widget-container\">\n\t\t\t\t\t\t\t\t\t<h3 dir=\"ltr\" style=\"margin-top: 0pt; margin-bottom: 0pt; line-height: 1.38; text-align: justify;\"><span style=\"color: #000000;\"><strong><span style=\"background-color: #ffffff; font-size: 10pt; font-family: Arial, sans-serif;\">SCREENINGS IN PENITENTIARY CENTERS<\/span><\/strong><\/span><\/h3>\n\t\t\t\t\t\t\t\t<\/div>\n\t\t\t\t<\/div>\n\t\t\t\t<div class=\"elementor-element elementor-element-3745c28 elementor-widget elementor-widget-text-editor\" data-id=\"3745c28\" data-element_type=\"widget\" data-widget_type=\"text-editor.default\">\n\t\t\t\t<div class=\"elementor-widget-container\">\n\t\t\t\t\t\t\t\t\t<p><span style=\"font-weight: 400;\">In collaboration with the Department of Justice of the Generalitat of Catalonia, the festival will bring sports cinema sessions to <strong>Penitentiary Centers across Catalonia<\/strong>, sharing values such as overcoming adversity, teamwork, and passion for sports.<\/span><\/p>\n\t\t\t\t\t\t\t\t<\/div>\n\t\t\t\t<\/div>\n\t\t\t\t<div class=\"elementor-element elementor-element-62d182a elementor-widget elementor-widget-spacer\" data-id=\"62d182a\" data-element_type=\"widget\" data-widget_type=\"spacer.default\">\n\t\t\t\t<div class=\"elementor-widget-container\">\n\t\t\t\t\t\t\t<div class=\"elementor-spacer\">\n\t\t\t<div class=\"elementor-spacer-inner\"><\/div>\n\t\t<\/div>\n\t\t\t\t\t\t<\/div>\n\t\t\t\t<\/div>\n\t\t\t\t<div class=\"elementor-element elementor-element-c285daf elementor-widget elementor-widget-text-editor\" data-id=\"c285daf\" data-element_type=\"widget\" data-widget_type=\"text-editor.default\">\n\t\t\t\t<div class=\"elementor-widget-container\">\n\t\t\t\t\t\t\t\t\t<h3 dir=\"ltr\" style=\"margin-top: 0pt; margin-bottom: 0pt; line-height: 1.38; text-align: justify;\"><span style=\"color: #000000;\"><strong><span style=\"background-color: #ffffff; font-size: 10pt; font-family: Arial, sans-serif;\">A GLOBAL FESTIVAL<\/span><\/strong><\/span><\/h3>\n\t\t\t\t\t\t\t\t<\/div>\n\t\t\t\t<\/div>\n\t\t\t\t<div class=\"elementor-element elementor-element-9a99cc4 elementor-widget elementor-widget-text-editor\" data-id=\"9a99cc4\" data-element_type=\"widget\" data-widget_type=\"text-editor.default\">\n\t\t\t\t<div class=\"elementor-widget-container\">\n\t\t\t\t\t\t\t\t\t<p><span style=\"font-weight: 400;\">With over <\/span><b>27 hours of sports cinema<\/b><span style=\"font-weight: 400;\"> and participation from <\/span><b>34 countries<\/b><span style=\"font-weight: 400;\">, the BCN Sports Film Festival 2025 promises to excite and surprise. Activities are <\/span><b>free<\/b><span style=\"font-weight: 400;\">, and you can check schedules and events on the official website.<\/span><\/p>\n<p><b>Del 17 al 25 de febrero de 2025.<\/b><\/p>\n<p><span style=\"font-weight: 400;\">M\u00e1s informaci\u00f3n en la <\/span><a href=\"https:\/\/bcnsportsfilm.org\/en\/\"><span style=\"font-weight: 400;\">web oficial del BCN Sports Film Festival<\/span><\/a><span style=\"font-weight: 400;\">.<\/span><\/p>\n<p>&nbsp;<\/p>\n\t\t\t\t\t\t\t\t<\/div>\n\t\t\t\t<\/div>\n\t\t\t\t<div class=\"elementor-element elementor-element-e3c3ddc elementor-widget elementor-widget-gallery\" data-id=\"e3c3ddc\" data-element_type=\"widget\" data-settings=\"{&quot;columns&quot;:&quot;3&quot;,&quot;lazyload&quot;:&quot;yes&quot;,&quot;gallery_layout&quot;:&quot;grid&quot;,&quot;columns_tablet&quot;:2,&quot;columns_mobile&quot;:1,&quot;gap&quot;:{&quot;unit&quot;:&quot;px&quot;,&quot;size&quot;:10,&quot;sizes&quot;:[]},&quot;gap_tablet&quot;:{&quot;unit&quot;:&quot;px&quot;,&quot;size&quot;:10,&quot;sizes&quot;:[]},&quot;gap_mobile&quot;:{&quot;unit&quot;:&quot;px&quot;,&quot;size&quot;:10,&quot;sizes&quot;:[]},&quot;link_to&quot;:&quot;file&quot;,&quot;aspect_ratio&quot;:&quot;3:2&quot;,&quot;overlay_background&quot;:&quot;yes&quot;,&quot;content_hover_animation&quot;:&quot;fade-in&quot;}\" data-widget_type=\"gallery.default\">\n\t\t\t\t<div class=\"elementor-widget-container\">\n\t\t\t\t\t\t\t<div class=\"elementor-gallery__container\">\n\t\t\t\t\t\t\t<a class=\"e-gallery-item elementor-gallery-item elementor-animated-content\" href=\"https:\/\/bcnsportsfilm.org\/wp-content\/uploads\/2024\/11\/Belen-Garcia-alcaldessa-de-Sant-Joan-Despi-i-Francesc-Terron-director-de-la-Fundacio-Barcelona-Olimpica-signen-lacord-per-portar-projeccions-de-la-15a-edicio-al-Teatre-Merce-Rodoreda-1.jpg\" data-elementor-open-lightbox=\"yes\" data-elementor-lightbox-slideshow=\"e3c3ddc\" data-elementor-lightbox-title=\"Bel\u00e9n Garc\u00eda, mayor of Sant Joan Desp\u00ed, and Francesc Terr\u00f3n, director of the Barcelona Olympic Foundation, sign the agreement to host screenings of the 15th edition at the Teatre Merc\u00e8 Rodoreda.\" data-e-action-hash=\"#elementor-action%3Aaction%3Dlightbox%26settings%3DeyJpZCI6MzcxNDIsInVybCI6Imh0dHBzOlwvXC9iY25zcG9ydHNmaWxtLm9yZ1wvd3AtY29udGVudFwvdXBsb2Fkc1wvMjAyNFwvMTFcL0JlbGVuLUdhcmNpYS1hbGNhbGRlc3NhLWRlLVNhbnQtSm9hbi1EZXNwaS1pLUZyYW5jZXNjLVRlcnJvbi1kaXJlY3Rvci1kZS1sYS1GdW5kYWNpby1CYXJjZWxvbmEtT2xpbXBpY2Etc2lnbmVuLWxhY29yZC1wZXItcG9ydGFyLXByb2plY2Npb25zLWRlLWxhLTE1YS1lZGljaW8tYWwtVGVhdHJlLU1lcmNlLVJvZG9yZWRhLTEuanBnIiwic2xpZGVzaG93IjoiZTNjM2RkYyJ9\">\n\t\t\t\t\t<div class=\"e-gallery-image elementor-gallery-item__image\" data-thumbnail=\"https:\/\/bcnsportsfilm.org\/wp-content\/uploads\/2024\/11\/Belen-Garcia-alcaldessa-de-Sant-Joan-Despi-i-Francesc-Terron-director-de-la-Fundacio-Barcelona-Olimpica-signen-lacord-per-portar-projeccions-de-la-15a-edicio-al-Teatre-Merce-Rodoreda-1-300x200.jpg\" data-width=\"300\" data-height=\"200\" aria-label=\"\" role=\"img\" ><\/div>\n\t\t\t\t\t\t\t\t\t\t\t<div class=\"elementor-gallery-item__overlay\"><\/div>\n\t\t\t\t\t\t\t\t\t\t\t\t\t\t<\/a>\n\t\t\t\t\t\t\t<a class=\"e-gallery-item elementor-gallery-item elementor-animated-content\" href=\"https:\/\/bcnsportsfilm.org\/wp-content\/uploads\/2024\/11\/Belen-Garcia-alcaldessa-de-Sant-Joan-Despi-Francesc-Terron-director-de-la-Fundacio-Barcelona-Olimpica-i-Francesc-Vives-tinent-dalcaldia-Esports-i-Salut-2.jpg\" data-elementor-open-lightbox=\"yes\" data-elementor-lightbox-slideshow=\"e3c3ddc\" data-elementor-lightbox-title=\"Bel\u00e9n Garc\u00eda, mayor of Sant Joan Desp\u00ed; Francesc Terr\u00f3n, director of the Barcelona Olympic Foundation; and Francesc Vives, deputy mayor of Sports and Health.\" data-e-action-hash=\"#elementor-action%3Aaction%3Dlightbox%26settings%3DeyJpZCI6MzcxMzksInVybCI6Imh0dHBzOlwvXC9iY25zcG9ydHNmaWxtLm9yZ1wvd3AtY29udGVudFwvdXBsb2Fkc1wvMjAyNFwvMTFcL0JlbGVuLUdhcmNpYS1hbGNhbGRlc3NhLWRlLVNhbnQtSm9hbi1EZXNwaS1GcmFuY2VzYy1UZXJyb24tZGlyZWN0b3ItZGUtbGEtRnVuZGFjaW8tQmFyY2Vsb25hLU9saW1waWNhLWktRnJhbmNlc2MtVml2ZXMtdGluZW50LWRhbGNhbGRpYS1Fc3BvcnRzLWktU2FsdXQtMi5qcGciLCJzbGlkZXNob3ciOiJlM2MzZGRjIn0%3D\">\n\t\t\t\t\t<div class=\"e-gallery-image elementor-gallery-item__image\" data-thumbnail=\"https:\/\/bcnsportsfilm.org\/wp-content\/uploads\/2024\/11\/Belen-Garcia-alcaldessa-de-Sant-Joan-Despi-Francesc-Terron-director-de-la-Fundacio-Barcelona-Olimpica-i-Francesc-Vives-tinent-dalcaldia-Esports-i-Salut-2-300x200.jpg\" data-width=\"300\" data-height=\"200\" aria-label=\"\" role=\"img\" ><\/div>\n\t\t\t\t\t\t\t\t\t\t\t<div class=\"elementor-gallery-item__overlay\"><\/div>\n\t\t\t\t\t\t\t\t\t\t\t\t\t\t<\/a>\n\t\t\t\t\t\t\t<a class=\"e-gallery-item elementor-gallery-item elementor-animated-content\" href=\"https:\/\/bcnsportsfilm.org\/wp-content\/uploads\/2024\/11\/Francesc-Terron-director-de-la-Fundacio-Barcelona-Olimpica-Belen-Garcia-alcaldessa-de-Sant-Joan-Despi-i-Francesc-Vives-tinent-dalcaldia-Esports-i-Salut-2.jpg\" data-elementor-open-lightbox=\"yes\" data-elementor-lightbox-slideshow=\"e3c3ddc\" data-elementor-lightbox-title=\"Francesc Terr\u00f3n, director of the Barcelona Olympic Foundation; Bel\u00e9n Garc\u00eda, mayor of Sant Joan Desp\u00ed; and Francesc Vives, deputy mayor of Sports and Health.\" data-e-action-hash=\"#elementor-action%3Aaction%3Dlightbox%26settings%3DeyJpZCI6MzcxMzYsInVybCI6Imh0dHBzOlwvXC9iY25zcG9ydHNmaWxtLm9yZ1wvd3AtY29udGVudFwvdXBsb2Fkc1wvMjAyNFwvMTFcL0ZyYW5jZXNjLVRlcnJvbi1kaXJlY3Rvci1kZS1sYS1GdW5kYWNpby1CYXJjZWxvbmEtT2xpbXBpY2EtQmVsZW4tR2FyY2lhLWFsY2FsZGVzc2EtZGUtU2FudC1Kb2FuLURlc3BpLWktRnJhbmNlc2MtVml2ZXMtdGluZW50LWRhbGNhbGRpYS1Fc3BvcnRzLWktU2FsdXQtMi5qcGciLCJzbGlkZXNob3ciOiJlM2MzZGRjIn0%3D\">\n\t\t\t\t\t<div class=\"e-gallery-image elementor-gallery-item__image\" data-thumbnail=\"https:\/\/bcnsportsfilm.org\/wp-content\/uploads\/2024\/11\/Francesc-Terron-director-de-la-Fundacio-Barcelona-Olimpica-Belen-Garcia-alcaldessa-de-Sant-Joan-Despi-i-Francesc-Vives-tinent-dalcaldia-Esports-i-Salut-2-300x200.jpg\" data-width=\"300\" data-height=\"200\" aria-label=\"\" role=\"img\" ><\/div>\n\t\t\t\t\t\t\t\t\t\t\t<div class=\"elementor-gallery-item__overlay\"><\/div>\n\t\t\t\t\t\t\t\t\t\t\t\t\t\t<\/a>\n\t\t\t\t\t<\/div>\n\t\t\t\t\t<\/div>\n\t\t\t\t<\/div>\n\t\t\t\t\t<\/div>\n\t\t<\/div>\n\t\t\t\t\t<\/div>\n\t\t<\/section>\n\t\t\t\t<\/div>\n\t\t","protected":false},"excerpt":{"rendered":"<p>The mayor of Sant Joan Desp\u00ed, Bel\u00e9n Garc\u00eda, and the director of the Barcelona Olympic Foundation, Francesc Terr\u00f3n, have signed an agreement for the Merc\u00e8 Rodoreda Theater to become one of the venues for the BCN Sports Film Festival 2025. This collaboration strengthens the bond between culture and sports, positioning the municipality on the international [&hellip;]<\/p>\n","protected":false},"author":18,"featured_media":37073,"comment_status":"closed","ping_status":"closed","sticky":false,"template":"","format":"standard","meta":{"_acf_changed":false,"footnotes":""},"categories":[80],"tags":[1094,82],"class_list":["post-37045","post","type-post","status-publish","format-standard","has-post-thumbnail","hentry","category-festival-en","tag-15th-edition-en","tag-bcn-sports-film-en-2"],"acf":[],"yoast_head":"<!-- This site is optimized with the Yoast SEO plugin v24.1 - https:\/\/yoast.com\/wordpress\/plugins\/seo\/ -->\n<title>BCN Sports Film Festival 2025: Teatre Merc\u00e8 Rodoreda joins the 10 venues of the 15th edition - BCN SPORTS FILM 2027<\/title>\n<meta name=\"description\" content=\"The BCN Sports Film Festival 2025 confirms 10 venues, featuring the debut of Teatre Merc\u00e8 Rodoreda. From February 17 to 25, enjoy 27 hours of free sports cinema. Check the schedule!\" \/>\n<meta name=\"robots\" content=\"index, follow, max-snippet:-1, max-image-preview:large, max-video-preview:-1\" \/>\n<link rel=\"canonical\" href=\"https:\/\/bcnsportsfilm.org\/bcn-sports-film-festival-2025-el-teatre-merce-rodoreda-se-une-a-las-10-sedes-de-la-15a-edicion\/\" \/>\n<meta property=\"og:locale\" content=\"en_US\" \/>\n<meta property=\"og:type\" content=\"article\" \/>\n<meta property=\"og:title\" content=\"BCN Sports Film Festival 2025: Teatre Merc\u00e8 Rodoreda joins the 10 venues of the 15th edition - BCN SPORTS FILM 2027\" \/>\n<meta property=\"og:description\" content=\"The BCN Sports Film Festival 2025 confirms 10 venues, featuring the debut of Teatre Merc\u00e8 Rodoreda. From February 17 to 25, enjoy 27 hours of free sports cinema. Check the schedule!\" \/>\n<meta property=\"og:url\" content=\"https:\/\/bcnsportsfilm.org\/bcn-sports-film-festival-2025-el-teatre-merce-rodoreda-se-une-a-las-10-sedes-de-la-15a-edicion\/\" \/>\n<meta property=\"og:site_name\" content=\"BCN SPORTS FILM 2027\" \/>\n<meta property=\"article:publisher\" content=\"https:\/\/www.facebook.com\/bcnsportsfilm\" \/>\n<meta property=\"article:published_time\" content=\"2024-11-21T19:18:46+00:00\" \/>\n<meta property=\"article:modified_time\" content=\"2024-11-28T15:43:27+00:00\" \/>\n<meta property=\"og:image\" content=\"https:\/\/bcnsportsfilm.org\/wp-content\/uploads\/2024\/11\/Belen-Garcia_Fran-Terron-1024x576.png\" \/>\n\t<meta property=\"og:image:width\" content=\"1024\" \/>\n\t<meta property=\"og:image:height\" content=\"576\" \/>\n\t<meta property=\"og:image:type\" content=\"image\/png\" \/>\n<meta name=\"author\" content=\"adminbcnsportsfilm\" \/>\n<meta name=\"twitter:card\" content=\"summary_large_image\" \/>\n<meta name=\"twitter:creator\" content=\"@bcnsportsfilm\" \/>\n<meta name=\"twitter:site\" content=\"@bcnsportsfilm\" \/>\n<meta name=\"twitter:label1\" content=\"Written by\" \/>\n\t<meta name=\"twitter:data1\" content=\"adminbcnsportsfilm\" \/>\n\t<meta name=\"twitter:label2\" content=\"Est. reading time\" \/>\n\t<meta name=\"twitter:data2\" content=\"5 minutes\" \/>\n<script type=\"application\/ld+json\" class=\"yoast-schema-graph\">{\"@context\":\"https:\/\/schema.org\",\"@graph\":[{\"@type\":\"Article\",\"@id\":\"https:\/\/bcnsportsfilm.org\/bcn-sports-film-festival-2025-el-teatre-merce-rodoreda-se-une-a-las-10-sedes-de-la-15a-edicion\/#article\",\"isPartOf\":{\"@id\":\"https:\/\/bcnsportsfilm.org\/bcn-sports-film-festival-2025-el-teatre-merce-rodoreda-se-une-a-las-10-sedes-de-la-15a-edicion\/\"},\"author\":{\"name\":\"adminbcnsportsfilm\",\"@id\":\"https:\/\/bcnsportsfilm.org\/#\/schema\/person\/82c3d6f7cae6decbce5ad0631c14ff06\"},\"headline\":\"BCN Sports Film Festival 2025: Teatre Merc\u00e8 Rodoreda joins the 10 venues of the 15th edition\",\"datePublished\":\"2024-11-21T19:18:46+00:00\",\"dateModified\":\"2024-11-28T15:43:27+00:00\",\"mainEntityOfPage\":{\"@id\":\"https:\/\/bcnsportsfilm.org\/bcn-sports-film-festival-2025-el-teatre-merce-rodoreda-se-une-a-las-10-sedes-de-la-15a-edicion\/\"},\"wordCount\":434,\"publisher\":{\"@id\":\"https:\/\/bcnsportsfilm.org\/#organization\"},\"image\":{\"@id\":\"https:\/\/bcnsportsfilm.org\/bcn-sports-film-festival-2025-el-teatre-merce-rodoreda-se-une-a-las-10-sedes-de-la-15a-edicion\/#primaryimage\"},\"thumbnailUrl\":\"https:\/\/bcnsportsfilm.org\/wp-content\/uploads\/2024\/11\/Belen-Garcia_Fran-Terron.png\",\"keywords\":[\"15th edition\",\"BCN Sports Film\"],\"articleSection\":[\"Festival\"],\"inLanguage\":\"en-US\"},{\"@type\":\"WebPage\",\"@id\":\"https:\/\/bcnsportsfilm.org\/bcn-sports-film-festival-2025-el-teatre-merce-rodoreda-se-une-a-las-10-sedes-de-la-15a-edicion\/\",\"url\":\"https:\/\/bcnsportsfilm.org\/bcn-sports-film-festival-2025-el-teatre-merce-rodoreda-se-une-a-las-10-sedes-de-la-15a-edicion\/\",\"name\":\"BCN Sports Film Festival 2025: Teatre Merc\u00e8 Rodoreda joins the 10 venues of the 15th edition - BCN SPORTS FILM 2027\",\"isPartOf\":{\"@id\":\"https:\/\/bcnsportsfilm.org\/#website\"},\"primaryImageOfPage\":{\"@id\":\"https:\/\/bcnsportsfilm.org\/bcn-sports-film-festival-2025-el-teatre-merce-rodoreda-se-une-a-las-10-sedes-de-la-15a-edicion\/#primaryimage\"},\"image\":{\"@id\":\"https:\/\/bcnsportsfilm.org\/bcn-sports-film-festival-2025-el-teatre-merce-rodoreda-se-une-a-las-10-sedes-de-la-15a-edicion\/#primaryimage\"},\"thumbnailUrl\":\"https:\/\/bcnsportsfilm.org\/wp-content\/uploads\/2024\/11\/Belen-Garcia_Fran-Terron.png\",\"datePublished\":\"2024-11-21T19:18:46+00:00\",\"dateModified\":\"2024-11-28T15:43:27+00:00\",\"description\":\"The BCN Sports Film Festival 2025 confirms 10 venues, featuring the debut of Teatre Merc\u00e8 Rodoreda. From February 17 to 25, enjoy 27 hours of free sports cinema. Check the schedule!\",\"breadcrumb\":{\"@id\":\"https:\/\/bcnsportsfilm.org\/bcn-sports-film-festival-2025-el-teatre-merce-rodoreda-se-une-a-las-10-sedes-de-la-15a-edicion\/#breadcrumb\"},\"inLanguage\":\"en-US\",\"potentialAction\":[{\"@type\":\"ReadAction\",\"target\":[\"https:\/\/bcnsportsfilm.org\/bcn-sports-film-festival-2025-el-teatre-merce-rodoreda-se-une-a-las-10-sedes-de-la-15a-edicion\/\"]}]},{\"@type\":\"ImageObject\",\"inLanguage\":\"en-US\",\"@id\":\"https:\/\/bcnsportsfilm.org\/bcn-sports-film-festival-2025-el-teatre-merce-rodoreda-se-une-a-las-10-sedes-de-la-15a-edicion\/#primaryimage\",\"url\":\"https:\/\/bcnsportsfilm.org\/wp-content\/uploads\/2024\/11\/Belen-Garcia_Fran-Terron.png\",\"contentUrl\":\"https:\/\/bcnsportsfilm.org\/wp-content\/uploads\/2024\/11\/Belen-Garcia_Fran-Terron.png\",\"width\":1920,\"height\":1080},{\"@type\":\"BreadcrumbList\",\"@id\":\"https:\/\/bcnsportsfilm.org\/bcn-sports-film-festival-2025-el-teatre-merce-rodoreda-se-une-a-las-10-sedes-de-la-15a-edicion\/#breadcrumb\",\"itemListElement\":[{\"@type\":\"ListItem\",\"position\":1,\"name\":\"Portada\",\"item\":\"https:\/\/bcnsportsfilm.org\/\"},{\"@type\":\"ListItem\",\"position\":2,\"name\":\"BCN Sports Film Festival 2025: Teatre Merc\u00e8 Rodoreda joins the 10 venues of the 15th edition\"}]},{\"@type\":\"WebSite\",\"@id\":\"https:\/\/bcnsportsfilm.org\/#website\",\"url\":\"https:\/\/bcnsportsfilm.org\/\",\"name\":\"Site title\",\"description\":\"Barcelona International Sports Film Festival\",\"publisher\":{\"@id\":\"https:\/\/bcnsportsfilm.org\/#organization\"},\"potentialAction\":[{\"@type\":\"SearchAction\",\"target\":{\"@type\":\"EntryPoint\",\"urlTemplate\":\"https:\/\/bcnsportsfilm.org\/?s={search_term_string}\"},\"query-input\":{\"@type\":\"PropertyValueSpecification\",\"valueRequired\":true,\"valueName\":\"search_term_string\"}}],\"inLanguage\":\"en-US\"},{\"@type\":\"Organization\",\"@id\":\"https:\/\/bcnsportsfilm.org\/#organization\",\"name\":\"Site title\",\"url\":\"https:\/\/bcnsportsfilm.org\/\",\"logo\":{\"@type\":\"ImageObject\",\"inLanguage\":\"en-US\",\"@id\":\"https:\/\/bcnsportsfilm.org\/#\/schema\/logo\/image\/\",\"url\":\"https:\/\/bcnsportsfilm.org\/wp-content\/uploads\/2022\/12\/BCNSportsFilmFestival_logo.png\",\"contentUrl\":\"https:\/\/bcnsportsfilm.org\/wp-content\/uploads\/2022\/12\/BCNSportsFilmFestival_logo.png\",\"width\":131,\"height\":43,\"caption\":\"Site title\"},\"image\":{\"@id\":\"https:\/\/bcnsportsfilm.org\/#\/schema\/logo\/image\/\"},\"sameAs\":[\"https:\/\/www.facebook.com\/bcnsportsfilm\",\"https:\/\/x.com\/bcnsportsfilm\",\"https:\/\/www.instagram.com\/fundacio_barcelona_olimpica\/\",\"https:\/\/www.youtube.com\/@fundaciobarcelonaolimpica\",\"https:\/\/www.linkedin.com\/showcase\/bcn-sports-film-festival\/\"]},{\"@type\":\"Person\",\"@id\":\"https:\/\/bcnsportsfilm.org\/#\/schema\/person\/82c3d6f7cae6decbce5ad0631c14ff06\",\"name\":\"adminbcnsportsfilm\",\"image\":{\"@type\":\"ImageObject\",\"inLanguage\":\"en-US\",\"@id\":\"https:\/\/bcnsportsfilm.org\/#\/schema\/person\/image\/\",\"url\":\"https:\/\/secure.gravatar.com\/avatar\/2e53f93cebaf9c2ccaa632da872e0e17?s=96&d=mm&r=g\",\"contentUrl\":\"https:\/\/secure.gravatar.com\/avatar\/2e53f93cebaf9c2ccaa632da872e0e17?s=96&d=mm&r=g\",\"caption\":\"adminbcnsportsfilm\"},\"url\":\"https:\/\/bcnsportsfilm.org\/en\/author\/adminbcnsportsfilm\/\"}]}<\/script>\n<!-- \/ Yoast SEO plugin. -->","yoast_head_json":{"title":"BCN Sports Film Festival 2025: Teatre Merc\u00e8 Rodoreda joins the 10 venues of the 15th edition - BCN SPORTS FILM 2027","description":"The BCN Sports Film Festival 2025 confirms 10 venues, featuring the debut of Teatre Merc\u00e8 Rodoreda. From February 17 to 25, enjoy 27 hours of free sports cinema. Check the schedule!","robots":{"index":"index","follow":"follow","max-snippet":"max-snippet:-1","max-image-preview":"max-image-preview:large","max-video-preview":"max-video-preview:-1"},"canonical":"https:\/\/bcnsportsfilm.org\/bcn-sports-film-festival-2025-el-teatre-merce-rodoreda-se-une-a-las-10-sedes-de-la-15a-edicion\/","og_locale":"en_US","og_type":"article","og_title":"BCN Sports Film Festival 2025: Teatre Merc\u00e8 Rodoreda joins the 10 venues of the 15th edition - BCN SPORTS FILM 2027","og_description":"The BCN Sports Film Festival 2025 confirms 10 venues, featuring the debut of Teatre Merc\u00e8 Rodoreda. From February 17 to 25, enjoy 27 hours of free sports cinema. Check the schedule!","og_url":"https:\/\/bcnsportsfilm.org\/bcn-sports-film-festival-2025-el-teatre-merce-rodoreda-se-une-a-las-10-sedes-de-la-15a-edicion\/","og_site_name":"BCN SPORTS FILM 2027","article_publisher":"https:\/\/www.facebook.com\/bcnsportsfilm","article_published_time":"2024-11-21T19:18:46+00:00","article_modified_time":"2024-11-28T15:43:27+00:00","og_image":[{"width":1024,"height":576,"url":"https:\/\/bcnsportsfilm.org\/wp-content\/uploads\/2024\/11\/Belen-Garcia_Fran-Terron-1024x576.png","type":"image\/png"}],"author":"adminbcnsportsfilm","twitter_card":"summary_large_image","twitter_creator":"@bcnsportsfilm","twitter_site":"@bcnsportsfilm","twitter_misc":{"Written by":"adminbcnsportsfilm","Est. reading time":"5 minutes"},"schema":{"@context":"https:\/\/schema.org","@graph":[{"@type":"Article","@id":"https:\/\/bcnsportsfilm.org\/bcn-sports-film-festival-2025-el-teatre-merce-rodoreda-se-une-a-las-10-sedes-de-la-15a-edicion\/#article","isPartOf":{"@id":"https:\/\/bcnsportsfilm.org\/bcn-sports-film-festival-2025-el-teatre-merce-rodoreda-se-une-a-las-10-sedes-de-la-15a-edicion\/"},"author":{"name":"adminbcnsportsfilm","@id":"https:\/\/bcnsportsfilm.org\/#\/schema\/person\/82c3d6f7cae6decbce5ad0631c14ff06"},"headline":"BCN Sports Film Festival 2025: Teatre Merc\u00e8 Rodoreda joins the 10 venues of the 15th edition","datePublished":"2024-11-21T19:18:46+00:00","dateModified":"2024-11-28T15:43:27+00:00","mainEntityOfPage":{"@id":"https:\/\/bcnsportsfilm.org\/bcn-sports-film-festival-2025-el-teatre-merce-rodoreda-se-une-a-las-10-sedes-de-la-15a-edicion\/"},"wordCount":434,"publisher":{"@id":"https:\/\/bcnsportsfilm.org\/#organization"},"image":{"@id":"https:\/\/bcnsportsfilm.org\/bcn-sports-film-festival-2025-el-teatre-merce-rodoreda-se-une-a-las-10-sedes-de-la-15a-edicion\/#primaryimage"},"thumbnailUrl":"https:\/\/bcnsportsfilm.org\/wp-content\/uploads\/2024\/11\/Belen-Garcia_Fran-Terron.png","keywords":["15th edition","BCN Sports Film"],"articleSection":["Festival"],"inLanguage":"en-US"},{"@type":"WebPage","@id":"https:\/\/bcnsportsfilm.org\/bcn-sports-film-festival-2025-el-teatre-merce-rodoreda-se-une-a-las-10-sedes-de-la-15a-edicion\/","url":"https:\/\/bcnsportsfilm.org\/bcn-sports-film-festival-2025-el-teatre-merce-rodoreda-se-une-a-las-10-sedes-de-la-15a-edicion\/","name":"BCN Sports Film Festival 2025: Teatre Merc\u00e8 Rodoreda joins the 10 venues of the 15th edition - BCN SPORTS FILM 2027","isPartOf":{"@id":"https:\/\/bcnsportsfilm.org\/#website"},"primaryImageOfPage":{"@id":"https:\/\/bcnsportsfilm.org\/bcn-sports-film-festival-2025-el-teatre-merce-rodoreda-se-une-a-las-10-sedes-de-la-15a-edicion\/#primaryimage"},"image":{"@id":"https:\/\/bcnsportsfilm.org\/bcn-sports-film-festival-2025-el-teatre-merce-rodoreda-se-une-a-las-10-sedes-de-la-15a-edicion\/#primaryimage"},"thumbnailUrl":"https:\/\/bcnsportsfilm.org\/wp-content\/uploads\/2024\/11\/Belen-Garcia_Fran-Terron.png","datePublished":"2024-11-21T19:18:46+00:00","dateModified":"2024-11-28T15:43:27+00:00","description":"The BCN Sports Film Festival 2025 confirms 10 venues, featuring the debut of Teatre Merc\u00e8 Rodoreda. From February 17 to 25, enjoy 27 hours of free sports cinema. Check the schedule!","breadcrumb":{"@id":"https:\/\/bcnsportsfilm.org\/bcn-sports-film-festival-2025-el-teatre-merce-rodoreda-se-une-a-las-10-sedes-de-la-15a-edicion\/#breadcrumb"},"inLanguage":"en-US","potentialAction":[{"@type":"ReadAction","target":["https:\/\/bcnsportsfilm.org\/bcn-sports-film-festival-2025-el-teatre-merce-rodoreda-se-une-a-las-10-sedes-de-la-15a-edicion\/"]}]},{"@type":"ImageObject","inLanguage":"en-US","@id":"https:\/\/bcnsportsfilm.org\/bcn-sports-film-festival-2025-el-teatre-merce-rodoreda-se-une-a-las-10-sedes-de-la-15a-edicion\/#primaryimage","url":"https:\/\/bcnsportsfilm.org\/wp-content\/uploads\/2024\/11\/Belen-Garcia_Fran-Terron.png","contentUrl":"https:\/\/bcnsportsfilm.org\/wp-content\/uploads\/2024\/11\/Belen-Garcia_Fran-Terron.png","width":1920,"height":1080},{"@type":"BreadcrumbList","@id":"https:\/\/bcnsportsfilm.org\/bcn-sports-film-festival-2025-el-teatre-merce-rodoreda-se-une-a-las-10-sedes-de-la-15a-edicion\/#breadcrumb","itemListElement":[{"@type":"ListItem","position":1,"name":"Portada","item":"https:\/\/bcnsportsfilm.org\/"},{"@type":"ListItem","position":2,"name":"BCN Sports Film Festival 2025: Teatre Merc\u00e8 Rodoreda joins the 10 venues of the 15th edition"}]},{"@type":"WebSite","@id":"https:\/\/bcnsportsfilm.org\/#website","url":"https:\/\/bcnsportsfilm.org\/","name":"Site title","description":"Barcelona International Sports Film Festival","publisher":{"@id":"https:\/\/bcnsportsfilm.org\/#organization"},"potentialAction":[{"@type":"SearchAction","target":{"@type":"EntryPoint","urlTemplate":"https:\/\/bcnsportsfilm.org\/?s={search_term_string}"},"query-input":{"@type":"PropertyValueSpecification","valueRequired":true,"valueName":"search_term_string"}}],"inLanguage":"en-US"},{"@type":"Organization","@id":"https:\/\/bcnsportsfilm.org\/#organization","name":"Site title","url":"https:\/\/bcnsportsfilm.org\/","logo":{"@type":"ImageObject","inLanguage":"en-US","@id":"https:\/\/bcnsportsfilm.org\/#\/schema\/logo\/image\/","url":"https:\/\/bcnsportsfilm.org\/wp-content\/uploads\/2022\/12\/BCNSportsFilmFestival_logo.png","contentUrl":"https:\/\/bcnsportsfilm.org\/wp-content\/uploads\/2022\/12\/BCNSportsFilmFestival_logo.png","width":131,"height":43,"caption":"Site title"},"image":{"@id":"https:\/\/bcnsportsfilm.org\/#\/schema\/logo\/image\/"},"sameAs":["https:\/\/www.facebook.com\/bcnsportsfilm","https:\/\/x.com\/bcnsportsfilm","https:\/\/www.instagram.com\/fundacio_barcelona_olimpica\/","https:\/\/www.youtube.com\/@fundaciobarcelonaolimpica","https:\/\/www.linkedin.com\/showcase\/bcn-sports-film-festival\/"]},{"@type":"Person","@id":"https:\/\/bcnsportsfilm.org\/#\/schema\/person\/82c3d6f7cae6decbce5ad0631c14ff06","name":"adminbcnsportsfilm","image":{"@type":"ImageObject","inLanguage":"en-US","@id":"https:\/\/bcnsportsfilm.org\/#\/schema\/person\/image\/","url":"https:\/\/secure.gravatar.com\/avatar\/2e53f93cebaf9c2ccaa632da872e0e17?s=96&d=mm&r=g","contentUrl":"https:\/\/secure.gravatar.com\/avatar\/2e53f93cebaf9c2ccaa632da872e0e17?s=96&d=mm&r=g","caption":"adminbcnsportsfilm"},"url":"https:\/\/bcnsportsfilm.org\/en\/author\/adminbcnsportsfilm\/"}]}},"_links":{"self":[{"href":"https:\/\/bcnsportsfilm.org\/en\/wp-json\/wp\/v2\/posts\/37045","targetHints":{"allow":["GET"]}}],"collection":[{"href":"https:\/\/bcnsportsfilm.org\/en\/wp-json\/wp\/v2\/posts"}],"about":[{"href":"https:\/\/bcnsportsfilm.org\/en\/wp-json\/wp\/v2\/types\/post"}],"author":[{"embeddable":true,"href":"https:\/\/bcnsportsfilm.org\/en\/wp-json\/wp\/v2\/users\/18"}],"replies":[{"embeddable":true,"href":"https:\/\/bcnsportsfilm.org\/en\/wp-json\/wp\/v2\/comments?post=37045"}],"version-history":[{"count":13,"href":"https:\/\/bcnsportsfilm.org\/en\/wp-json\/wp\/v2\/posts\/37045\/revisions"}],"predecessor-version":[{"id":37523,"href":"https:\/\/bcnsportsfilm.org\/en\/wp-json\/wp\/v2\/posts\/37045\/revisions\/37523"}],"wp:featuredmedia":[{"embeddable":true,"href":"https:\/\/bcnsportsfilm.org\/en\/wp-json\/wp\/v2\/media\/37073"}],"wp:attachment":[{"href":"https:\/\/bcnsportsfilm.org\/en\/wp-json\/wp\/v2\/media?parent=37045"}],"wp:term":[{"taxonomy":"category","embeddable":true,"href":"https:\/\/bcnsportsfilm.org\/en\/wp-json\/wp\/v2\/categories?post=37045"},{"taxonomy":"post_tag","embeddable":true,"href":"https:\/\/bcnsportsfilm.org\/en\/wp-json\/wp\/v2\/tags?post=37045"}],"curies":[{"name":"wp","href":"https:\/\/api.w.org\/{rel}","templated":true}]}}